{"id":8630,"date":"2026-04-29T14:33:26","date_gmt":"2026-04-29T20:33:26","guid":{"rendered":"https:\/\/dvnoticias.com.mx\/?p=8630"},"modified":"2026-04-29T20:33:30","modified_gmt":"2026-04-29T20:33:30","slug":"gestiona-americo-ante-la-sict-impulso-a-infraestructura-ferroviaria-y-carretera-en-tamaulipas","status":"publish","type":"post","link":"https:\/\/dvnoticias.com.mx\/index.php\/2026\/04\/29\/gestiona-americo-ante-la-sict-impulso-a-infraestructura-ferroviaria-y-carretera-en-tamaulipas\/","title":{"rendered":"Gestiona Am\u00e9rico ante la SICT impulso a infraestructura ferroviaria y carretera en Tamaulipas"},"content":{"rendered":"<p>Ciudad de M\u00e9xico.- Con el prop\u00f3sito de dar seguimiento a los proyectos de infraestructura carretera y ferroviaria que se desarrollan en Tamaulipas, el gobernador del Estado, Am\u00e9rico Villarreal Anaya, llev\u00f3 a cabo una reuni\u00f3n de trabajo con el secretario de Infraestructura, Comunicaciones y Transportes, Jes\u00fas Esteva Medina.<\/p>\n<p>Como parte de su agenda de trabajo, en la capital del pa\u00eds, Am\u00e9rico Villarreal expres\u00f3 su compromiso por seguir impulsando, con el respaldo del Gobierno Federal, proyectos estrat\u00e9gicos como la concesi\u00f3n del Puente III, en Nuevo Laredo, y la rehabilitaci\u00f3n del Puente Magueyes, en el municipio de Mainero, a fin de mejorar la conectividad y vialidad, y alentar el desarrollo y bienestar de las y los tamaulipecos.<\/p>\n<p>Acompa\u00f1ado por el secretario de Obras P\u00fablicas del Estado, Pedro Cepeda Anaya, el mandatario tamaulipeco expuso algunas acciones que lleva a cabo el Gobierno del Estado para la conservaci\u00f3n y mantenimiento de la red carretera estatal, as\u00ed como las gestiones para el paso elevado en Matamoros.<\/p>\n<p>Junto al titular de la SICT, tambi\u00e9n tomaron parte en esta reuni\u00f3n el subsecretario de Infraestructura, Juan Carlos Fuentes Orrala, y el titular de la Agencia de Trenes y Transporte P\u00fablico Integrado, Andr\u00e9s Lajous.<\/p>\n<p>Por el Gobierno de Tamaulipas estuvieron presentes Anabel Flores Garza, subsecretaria de Inversi\u00f3n de la Secretar\u00eda de Econom\u00eda; el titular de la API Tamaulipas, Gustavo Guzm\u00e1n Fern\u00e1ndez, y el subsecretario de Obras P\u00fablicas del Estado, Jos\u00e9 Alfonso Robledo Ram\u00edrez.<\/p>\n","protected":false},"excerpt":{"rendered":"<p>Ciudad de M\u00e9xico.- Con el prop\u00f3sito de dar seguimiento a los proyectos de infraestructura carretera y ferroviaria que se desarrollan en Tamaulipas, el gobernador del Estado, Am\u00e9rico Villarreal Anaya, llev\u00f3 a cabo una reuni\u00f3n de trabajo con el secretario de Infraestructura, Comunicaciones y Transportes, Jes\u00fas Esteva Medina. Como parte de su agenda de trabajo, en [&hellip;]<\/p>\n","protected":false},"author":1,"featured_media":8632,"comment_status":"open","ping_status":"closed","sticky":false,"template":"","format":"standard","meta":{"footnotes":""},"categories":[14,3,5,15],"tags":[],"class_list":["post-8630","post","type-post","status-publish","format-standard","has-post-thumbnail","hentry","category-destacadas","category-estatal","category-gobierno","category-portadas"],"_links":{"self":[{"href":"https:\/\/dvnoticias.com.mx\/index.php\/wp-json\/wp\/v2\/posts\/8630","targetHints":{"allow":["GET"]}}],"collection":[{"href":"https:\/\/dvnoticias.com.mx\/index.php\/wp-json\/wp\/v2\/posts"}],"about":[{"href":"https:\/\/dvnoticias.com.mx\/index.php\/wp-json\/wp\/v2\/types\/post"}],"author":[{"embeddable":true,"href":"https:\/\/dvnoticias.com.mx\/index.php\/wp-json\/wp\/v2\/users\/1"}],"replies":[{"embeddable":true,"href":"https:\/\/dvnoticias.com.mx\/index.php\/wp-json\/wp\/v2\/comments?post=8630"}],"version-history":[{"count":1,"href":"https:\/\/dvnoticias.com.mx\/index.php\/wp-json\/wp\/v2\/posts\/8630\/revisions"}],"predecessor-version":[{"id":8631,"href":"https:\/\/dvnoticias.com.mx\/index.php\/wp-json\/wp\/v2\/posts\/8630\/revisions\/8631"}],"wp:featuredmedia":[{"embeddable":true,"href":"https:\/\/dvnoticias.com.mx\/index.php\/wp-json\/wp\/v2\/media\/8632"}],"wp:attachment":[{"href":"https:\/\/dvnoticias.com.mx\/index.php\/wp-json\/wp\/v2\/media?parent=8630"}],"wp:term":[{"taxonomy":"category","embeddable":true,"href":"https:\/\/dvnoticias.com.mx\/index.php\/wp-json\/wp\/v2\/categories?post=8630"},{"taxonomy":"post_tag","embeddable":true,"href":"https:\/\/dvnoticias.com.mx\/index.php\/wp-json\/wp\/v2\/tags?post=8630"}],"curies":[{"name":"wp","href":"https:\/\/api.w.org\/{rel}","templated":true}]}}