{"id":8624,"date":"2026-04-28T19:00:50","date_gmt":"2026-04-29T01:00:50","guid":{"rendered":"https:\/\/dvnoticias.com.mx\/?p=8624"},"modified":"2026-04-29T20:30:23","modified_gmt":"2026-04-29T20:30:23","slug":"ciudad-madero-celebrara-su-102-aniversario-con-ceremonia-civica-y-entrega-de-la-medalla-al-merito-candelario-garza","status":"publish","type":"post","link":"https:\/\/dvnoticias.com.mx\/index.php\/2026\/04\/28\/ciudad-madero-celebrara-su-102-aniversario-con-ceremonia-civica-y-entrega-de-la-medalla-al-merito-candelario-garza\/","title":{"rendered":"Ciudad Madero celebrar\u00e1 su 102 aniversario con ceremonia c\u00edvica y entrega de la Medalla al M\u00e9rito \u201cCandelario Garza\u201d"},"content":{"rendered":"<p>Cd. Madero, Tamaulipas.- En el marco del 102 aniversario de la fundaci\u00f3n de Ciudad Madero, el Gobierno Municipal, encabezado por el presidente municipal Erasmo Gonz\u00e1lez Robledo, llevar\u00e1 a cabo una ceremonia conmemorativa que resalta el orgullo, la historia y la identidad de este importante municipio del sur de Tamaulipas.<\/p>\n<p>A 102 a\u00f1os de su fundaci\u00f3n, Ciudad Madero es reflejo del esfuerzo, la unidad y la historia de su gente, una tierra que ha sabido crecer con identidad propia, impulsada por su vocaci\u00f3n de trabajo y su papel clave en el desarrollo del sur de Tamaulipas.<\/p>\n<p>Como parte de esta significativa fecha, se realizar\u00e1 la entrega de la Medalla al M\u00e9rito \u201cCandelario Garza\u201d, el m\u00e1ximo reconocimiento que otorga el R. Ayuntamiento a ciudadanas y ciudadanos que se han distinguido por sus aportaciones en \u00e1mbitos como la investigaci\u00f3n, el profesionalismo, el descubrimiento y el servicio a la comunidad.<\/p>\n<p>La ceremonia se efectuar\u00e1 el pr\u00f3ximo viernes 1 de mayo a las 11:00 horas, en el Auditorio \u201cAm\u00e9rico Villarreal Guerra\u201d, donde se contar\u00e1 con la participaci\u00f3n de la cronista de la ciudad, Lic. Carolina Infante Pacheco, as\u00ed como la presencia de autoridades estatales y municipales, en un acto solemne que honra las ra\u00edces y el desarrollo de Ciudad Madero.<\/p>\n<p>Durante su mensaje, el presidente municipal destac\u00f3 que esta conmemoraci\u00f3n representa una oportunidad para reconocer el legado de generaciones que han contribuido al crecimiento del municipio, consolid\u00e1ndolo como una ciudad con historia, tradici\u00f3n y vocaci\u00f3n de progreso.<\/p>\n<p>En esta edici\u00f3n, se recibieron dos propuestas para la Medalla \u201cCandelario Garza\u201d, mismas que ser\u00e1n evaluadas por un jurado integrado por servidores p\u00fablicos del Gobierno Municipal, quienes tendr\u00e1n la responsabilidad de definir a la persona que ser\u00e1 reconocida en esta importante ceremonia.<\/p>\n<p>Cabe se\u00f1alar que la convocatoria permaneci\u00f3 abierta del 13 al 24 de abril del presente a\u00f1o, estableciendo lineamientos claros para la postulaci\u00f3n de candidatas y candidatos, privilegiando la trayectoria, el compromiso social y la aportaci\u00f3n al desarrollo de la comunidad maderense.<\/p>\n<p>Con estas acciones, el Gobierno Municipal de Ciudad Madero reafirma su compromiso de fortalecer los valores c\u00edvicos, preservar la memoria hist\u00f3rica y reconocer a quienes, con su esfuerzo y dedicaci\u00f3n, contin\u00faan construyendo el presente y futuro de esta ciudad.<\/p>\n","protected":false},"excerpt":{"rendered":"<p>Cd. Madero, Tamaulipas.- En el marco del 102 aniversario de la fundaci\u00f3n de Ciudad Madero, el Gobierno Municipal, encabezado por el presidente municipal Erasmo Gonz\u00e1lez Robledo, llevar\u00e1 a cabo una ceremonia conmemorativa que resalta el orgullo, la historia y la identidad de este importante municipio del sur de Tamaulipas. A 102 a\u00f1os de su fundaci\u00f3n, [&hellip;]<\/p>\n","protected":false},"author":1,"featured_media":8626,"comment_status":"open","ping_status":"closed","sticky":false,"template":"","format":"standard","meta":{"footnotes":""},"categories":[9],"tags":[],"class_list":["post-8624","post","type-post","status-publish","format-standard","has-post-thumbnail","hentry","category-zona-conurbada-del-sur"],"_links":{"self":[{"href":"https:\/\/dvnoticias.com.mx\/index.php\/wp-json\/wp\/v2\/posts\/8624","targetHints":{"allow":["GET"]}}],"collection":[{"href":"https:\/\/dvnoticias.com.mx\/index.php\/wp-json\/wp\/v2\/posts"}],"about":[{"href":"https:\/\/dvnoticias.com.mx\/index.php\/wp-json\/wp\/v2\/types\/post"}],"author":[{"embeddable":true,"href":"https:\/\/dvnoticias.com.mx\/index.php\/wp-json\/wp\/v2\/users\/1"}],"replies":[{"embeddable":true,"href":"https:\/\/dvnoticias.com.mx\/index.php\/wp-json\/wp\/v2\/comments?post=8624"}],"version-history":[{"count":1,"href":"https:\/\/dvnoticias.com.mx\/index.php\/wp-json\/wp\/v2\/posts\/8624\/revisions"}],"predecessor-version":[{"id":8625,"href":"https:\/\/dvnoticias.com.mx\/index.php\/wp-json\/wp\/v2\/posts\/8624\/revisions\/8625"}],"wp:featuredmedia":[{"embeddable":true,"href":"https:\/\/dvnoticias.com.mx\/index.php\/wp-json\/wp\/v2\/media\/8626"}],"wp:attachment":[{"href":"https:\/\/dvnoticias.com.mx\/index.php\/wp-json\/wp\/v2\/media?parent=8624"}],"wp:term":[{"taxonomy":"category","embeddable":true,"href":"https:\/\/dvnoticias.com.mx\/index.php\/wp-json\/wp\/v2\/categories?post=8624"},{"taxonomy":"post_tag","embeddable":true,"href":"https:\/\/dvnoticias.com.mx\/index.php\/wp-json\/wp\/v2\/tags?post=8624"}],"curies":[{"name":"wp","href":"https:\/\/api.w.org\/{rel}","templated":true}]}}