{"id":8612,"date":"2026-04-28T18:00:00","date_gmt":"2026-04-29T00:00:00","guid":{"rendered":"https:\/\/dvnoticias.com.mx\/?p=8612"},"modified":"2026-04-29T20:23:33","modified_gmt":"2026-04-29T20:23:33","slug":"sesiona-mesa-del-agua-municipal-por-ola-de-calor","status":"publish","type":"post","link":"https:\/\/dvnoticias.com.mx\/index.php\/2026\/04\/28\/sesiona-mesa-del-agua-municipal-por-ola-de-calor\/","title":{"rendered":"Sesiona Mesa del Agua municipal por ola de calor."},"content":{"rendered":"<p>Cd. Victoria, Tamaulipas.- Ante las altas temperaturas pronosticadas para los pr\u00f3ximos d\u00edas, la Mesa del Agua Municipal realiz\u00f3 su sesi\u00f3n ordinaria para reforzar estrategias en el abasto de agua y proteccion de salud de la poblaci\u00f3n.<\/p>\n<p>En representaci\u00f3n del alcalde Eduardo Gatt\u00e1s B\u00e1ez, el secretario del Ayuntamiento Hugo Res\u00e9ndez Silva coordin\u00f3 los trabajos de la sexta sesi\u00f3n realizada en sala de cabildo, que convoc\u00f3 la participaci\u00f3n de autoridades de CONAGUA, COEPRIS, PROFEPA, IMSS, CREDE y COMAPA Victoria.<\/p>\n<p>Por acuerdo, se instruy\u00f3 a la COMAPA brindar mayor difusi\u00f3n al programa de tandeo de agua, fortalecer la campa\u00f1a de sensibilizaci\u00f3n del cuidado y uso del vital l\u00edquido en escuelas, y coordinar con Protecci\u00f3n Civil emitir recomendaciones por la situaci\u00f3n climatol\u00f3gica de las pr\u00f3ximas 72 horas.<\/p>\n<p>Tras ratificar el acuerdo para garantizar el abastecimiento a escuelas y hospitales, la mesa del agua municipal expuso informaci\u00f3n de tandeos, niveles de fuentes de abastecimiento, disponibilidad del recurso, limpieza de drenes pluviales y alcantarillas y pron\u00f3sticos de ciclones y huracanes.<\/p>\n","protected":false},"excerpt":{"rendered":"<p>Cd. Victoria, Tamaulipas.- Ante las altas temperaturas pronosticadas para los pr\u00f3ximos d\u00edas, la Mesa del Agua Municipal realiz\u00f3 su sesi\u00f3n ordinaria para reforzar estrategias en el abasto de agua y proteccion de salud de la poblaci\u00f3n. En representaci\u00f3n del alcalde Eduardo Gatt\u00e1s B\u00e1ez, el secretario del Ayuntamiento Hugo Res\u00e9ndez Silva coordin\u00f3 los trabajos de la [&hellip;]<\/p>\n","protected":false},"author":1,"featured_media":8614,"comment_status":"open","ping_status":"closed","sticky":false,"template":"","format":"standard","meta":{"footnotes":""},"categories":[2],"tags":[],"class_list":["post-8612","post","type-post","status-publish","format-standard","has-post-thumbnail","hentry","category-local"],"_links":{"self":[{"href":"https:\/\/dvnoticias.com.mx\/index.php\/wp-json\/wp\/v2\/posts\/8612","targetHints":{"allow":["GET"]}}],"collection":[{"href":"https:\/\/dvnoticias.com.mx\/index.php\/wp-json\/wp\/v2\/posts"}],"about":[{"href":"https:\/\/dvnoticias.com.mx\/index.php\/wp-json\/wp\/v2\/types\/post"}],"author":[{"embeddable":true,"href":"https:\/\/dvnoticias.com.mx\/index.php\/wp-json\/wp\/v2\/users\/1"}],"replies":[{"embeddable":true,"href":"https:\/\/dvnoticias.com.mx\/index.php\/wp-json\/wp\/v2\/comments?post=8612"}],"version-history":[{"count":1,"href":"https:\/\/dvnoticias.com.mx\/index.php\/wp-json\/wp\/v2\/posts\/8612\/revisions"}],"predecessor-version":[{"id":8613,"href":"https:\/\/dvnoticias.com.mx\/index.php\/wp-json\/wp\/v2\/posts\/8612\/revisions\/8613"}],"wp:featuredmedia":[{"embeddable":true,"href":"https:\/\/dvnoticias.com.mx\/index.php\/wp-json\/wp\/v2\/media\/8614"}],"wp:attachment":[{"href":"https:\/\/dvnoticias.com.mx\/index.php\/wp-json\/wp\/v2\/media?parent=8612"}],"wp:term":[{"taxonomy":"category","embeddable":true,"href":"https:\/\/dvnoticias.com.mx\/index.php\/wp-json\/wp\/v2\/categories?post=8612"},{"taxonomy":"post_tag","embeddable":true,"href":"https:\/\/dvnoticias.com.mx\/index.php\/wp-json\/wp\/v2\/tags?post=8612"}],"curies":[{"name":"wp","href":"https:\/\/api.w.org\/{rel}","templated":true}]}}