{"id":8588,"date":"2026-04-27T16:08:05","date_gmt":"2026-04-27T22:08:05","guid":{"rendered":"https:\/\/dvnoticias.com.mx\/?p=8588"},"modified":"2026-04-27T22:08:10","modified_gmt":"2026-04-27T22:08:10","slug":"impulsan-desde-el-congreso-participacion-infantil-con-propuestas-en-favor-de-la-inclusion-educativa","status":"publish","type":"post","link":"https:\/\/dvnoticias.com.mx\/index.php\/2026\/04\/27\/impulsan-desde-el-congreso-participacion-infantil-con-propuestas-en-favor-de-la-inclusion-educativa\/","title":{"rendered":"Impulsan desde el Congreso participaci\u00f3n infantil con propuestas en favor de la inclusi\u00f3n educativa"},"content":{"rendered":"<p>Cd. Victoria, Tamaulipas.- En el Congreso local se desarrollaron los trabajos del Segundo Parlamento Infantil del Consejo Consultivo del Observatorio Participativo e Inclusivo de Ni\u00f1as, Ni\u00f1os y Adolescentes de Tamaulipas, donde los infantes vivieron una jornada legislativa que incluy\u00f3 reuni\u00f3n de comisiones y sesi\u00f3n plenaria, en la que presentaron, analizaron y aprobaron una iniciativa orientada a fortalecer la inclusi\u00f3n educativa.<\/p>\n<p>Durante la ceremonia inaugural, el presidente de la Junta de Gobierno, diputado Humberto Armando Prieto Herrera, destac\u00f3 la importancia de escuchar a las infancias como parte fundamental en la construcci\u00f3n de un mejor Tamaulipas.<\/p>\n<p>\u201cHoy este Congreso les da voz, los escucha con seriedad y con la convicci\u00f3n de que muchas de las mejores respuestas a los desaf\u00edos que enfrentamos pueden venir precisamente de ustedes\u201d, expres\u00f3.<\/p>\n<p>Como parte de las actividades parlamentarias, se llev\u00f3 a cabo una reuni\u00f3n de comisi\u00f3n integrada por las y los diputados infantiles Fernanda Sol\u00eds Alaffa, Ad\u00e1n Noel Dom\u00ednguez Mart\u00ednez, Denssel Alesandro G\u00f3mez Maldonado, C\u00e9sar Eduardo De La Garza Sald\u00edvar y Julia Nirvana Trujillo Mart\u00ednez, donde fue analizada y dictaminada la iniciativa con Proyecto de Decreto para incorporar la figura del \u201cmaestro sombra\u201d en la legislaci\u00f3n estatal, como apoyo especializado para ni\u00f1as, ni\u00f1os y adolescentes con condici\u00f3n del espectro autista y trastornos del neurodesarrollo.<\/p>\n<p>En este marco, la legisladora Yuriria Iturbe V\u00e1zquez reconoci\u00f3 la participaci\u00f3n responsable de las y los integrantes del Parlamento Infantil y subray\u00f3 que sus ideas son fundamentales para la labor legislativa.<\/p>\n<p>\u201cCada vez que ustedes opinan y dicen lo que piensan es muy valioso; participen siempre, porque sus voces importan y ayudan a construir un mejor entorno para todas y todos\u201d, resalt\u00f3.<\/p>\n<p>Posteriormente, en sesi\u00f3n plenaria, las y los parlamentarios infantiles aprobaron la propuesta para fortalecer el marco jur\u00eddico estatal mediante el reconocimiento del \u201cmaestro sombra\u201d, iniciativa encaminada a garantizar mayores apoyos para la inclusi\u00f3n y permanencia escolar de estudiantes con necesidades espec\u00edficas.<\/p>\n<p>Durante la sesi\u00f3n, el diputado y consejero infantil, Diego Estrada Navarro, del municipio de Ciudad Madero, agradeci\u00f3 al Congreso del Estado por brindar este espacio de participaci\u00f3n y destac\u00f3 que este ejercicio demuestra que en Tamaulipas las voces de ni\u00f1as, ni\u00f1os y adolescentes son escuchadas y tomadas en cuenta en la construcci\u00f3n de pol\u00edticas p\u00fablicas.<\/p>\n","protected":false},"excerpt":{"rendered":"<p>Cd. Victoria, Tamaulipas.- En el Congreso local se desarrollaron los trabajos del Segundo Parlamento Infantil del Consejo Consultivo del Observatorio Participativo e Inclusivo de Ni\u00f1as, Ni\u00f1os y Adolescentes de Tamaulipas, donde los infantes vivieron una jornada legislativa que incluy\u00f3 reuni\u00f3n de comisiones y sesi\u00f3n plenaria, en la que presentaron, analizaron y aprobaron una iniciativa orientada [&hellip;]<\/p>\n","protected":false},"author":1,"featured_media":8590,"comment_status":"open","ping_status":"closed","sticky":false,"template":"","format":"standard","meta":{"footnotes":""},"categories":[3],"tags":[],"class_list":["post-8588","post","type-post","status-publish","format-standard","has-post-thumbnail","hentry","category-estatal"],"_links":{"self":[{"href":"https:\/\/dvnoticias.com.mx\/index.php\/wp-json\/wp\/v2\/posts\/8588","targetHints":{"allow":["GET"]}}],"collection":[{"href":"https:\/\/dvnoticias.com.mx\/index.php\/wp-json\/wp\/v2\/posts"}],"about":[{"href":"https:\/\/dvnoticias.com.mx\/index.php\/wp-json\/wp\/v2\/types\/post"}],"author":[{"embeddable":true,"href":"https:\/\/dvnoticias.com.mx\/index.php\/wp-json\/wp\/v2\/users\/1"}],"replies":[{"embeddable":true,"href":"https:\/\/dvnoticias.com.mx\/index.php\/wp-json\/wp\/v2\/comments?post=8588"}],"version-history":[{"count":1,"href":"https:\/\/dvnoticias.com.mx\/index.php\/wp-json\/wp\/v2\/posts\/8588\/revisions"}],"predecessor-version":[{"id":8589,"href":"https:\/\/dvnoticias.com.mx\/index.php\/wp-json\/wp\/v2\/posts\/8588\/revisions\/8589"}],"wp:featuredmedia":[{"embeddable":true,"href":"https:\/\/dvnoticias.com.mx\/index.php\/wp-json\/wp\/v2\/media\/8590"}],"wp:attachment":[{"href":"https:\/\/dvnoticias.com.mx\/index.php\/wp-json\/wp\/v2\/media?parent=8588"}],"wp:term":[{"taxonomy":"category","embeddable":true,"href":"https:\/\/dvnoticias.com.mx\/index.php\/wp-json\/wp\/v2\/categories?post=8588"},{"taxonomy":"post_tag","embeddable":true,"href":"https:\/\/dvnoticias.com.mx\/index.php\/wp-json\/wp\/v2\/tags?post=8588"}],"curies":[{"name":"wp","href":"https:\/\/api.w.org\/{rel}","templated":true}]}}