{"id":7412,"date":"2026-02-11T20:00:04","date_gmt":"2026-02-12T02:00:04","guid":{"rendered":"https:\/\/dvnoticias.com.mx\/?p=7412"},"modified":"2026-02-13T20:31:39","modified_gmt":"2026-02-13T20:31:39","slug":"fortaleciendo-la-educacion-basica-en-tamaulipas","status":"publish","type":"post","link":"https:\/\/dvnoticias.com.mx\/index.php\/2026\/02\/11\/fortaleciendo-la-educacion-basica-en-tamaulipas\/","title":{"rendered":"Fortaleciendo la Educaci\u00f3n B\u00e1sica en Tamaulipas"},"content":{"rendered":"<p>Cd. Victoria, Tamaulipas.- El Secretario General de la Secci\u00f3n 30 del SNTE, Mtro. Arnulfo Rodr\u00edguez Trevi\u00f1o, estuvo presente en la entrega de nombramientos a docentes de Educaci\u00f3n Preescolar y Primaria, as\u00ed como a directores y supervisores de Educaci\u00f3n B\u00e1sica, refrendando el compromiso con la certeza laboral y el desarrollo profesional del magisterio.<\/p>\n<p>En este importante acto particip\u00f3 en compa\u00f1\u00eda de la Subsecretaria de Educaci\u00f3n, Profra. Nora Hilda de los Reyes V\u00e1zquez, destacando la relevancia de continuar impulsando procesos transparentes, apegados a la normatividad y orientados a fortalecer la calidad educativa en beneficio de las ni\u00f1as, ni\u00f1os y adolescentes de Tamaulipas.<\/p>\n<p>La Secci\u00f3n 30 del SNTE reafirma su compromiso de acompa\u00f1ar y respaldar a los trabajadores de la educaci\u00f3n, promoviendo acciones que favorezcan su crecimiento profesional y la consolidaci\u00f3n de una educaci\u00f3n p\u00fablica de calidad.<\/p>\n<p>La unidad y el trabajo coordinado contin\u00faan dando resultados para el magisterio tamaulipeco.<\/p>\n","protected":false},"excerpt":{"rendered":"<p>Cd. Victoria, Tamaulipas.- El Secretario General de la Secci\u00f3n 30 del SNTE, Mtro. Arnulfo Rodr\u00edguez Trevi\u00f1o, estuvo presente en la entrega de nombramientos a docentes de Educaci\u00f3n Preescolar y Primaria, as\u00ed como a directores y supervisores de Educaci\u00f3n B\u00e1sica, refrendando el compromiso con la certeza laboral y el desarrollo profesional del magisterio. En este importante [&hellip;]<\/p>\n","protected":false},"author":1,"featured_media":7414,"comment_status":"open","ping_status":"closed","sticky":false,"template":"","format":"standard","meta":{"footnotes":""},"categories":[3],"tags":[],"class_list":["post-7412","post","type-post","status-publish","format-standard","has-post-thumbnail","hentry","category-estatal"],"_links":{"self":[{"href":"https:\/\/dvnoticias.com.mx\/index.php\/wp-json\/wp\/v2\/posts\/7412","targetHints":{"allow":["GET"]}}],"collection":[{"href":"https:\/\/dvnoticias.com.mx\/index.php\/wp-json\/wp\/v2\/posts"}],"about":[{"href":"https:\/\/dvnoticias.com.mx\/index.php\/wp-json\/wp\/v2\/types\/post"}],"author":[{"embeddable":true,"href":"https:\/\/dvnoticias.com.mx\/index.php\/wp-json\/wp\/v2\/users\/1"}],"replies":[{"embeddable":true,"href":"https:\/\/dvnoticias.com.mx\/index.php\/wp-json\/wp\/v2\/comments?post=7412"}],"version-history":[{"count":1,"href":"https:\/\/dvnoticias.com.mx\/index.php\/wp-json\/wp\/v2\/posts\/7412\/revisions"}],"predecessor-version":[{"id":7413,"href":"https:\/\/dvnoticias.com.mx\/index.php\/wp-json\/wp\/v2\/posts\/7412\/revisions\/7413"}],"wp:featuredmedia":[{"embeddable":true,"href":"https:\/\/dvnoticias.com.mx\/index.php\/wp-json\/wp\/v2\/media\/7414"}],"wp:attachment":[{"href":"https:\/\/dvnoticias.com.mx\/index.php\/wp-json\/wp\/v2\/media?parent=7412"}],"wp:term":[{"taxonomy":"category","embeddable":true,"href":"https:\/\/dvnoticias.com.mx\/index.php\/wp-json\/wp\/v2\/categories?post=7412"},{"taxonomy":"post_tag","embeddable":true,"href":"https:\/\/dvnoticias.com.mx\/index.php\/wp-json\/wp\/v2\/tags?post=7412"}],"curies":[{"name":"wp","href":"https:\/\/api.w.org\/{rel}","templated":true}]}}