{"id":4739,"date":"2025-10-12T21:33:54","date_gmt":"2025-10-13T03:33:54","guid":{"rendered":"https:\/\/dvnoticias.com.mx\/?p=4739"},"modified":"2025-10-13T03:33:57","modified_gmt":"2025-10-13T03:33:57","slug":"denuncian-campana-negra-contra-rector-de-la-uat","status":"publish","type":"post","link":"https:\/\/dvnoticias.com.mx\/index.php\/2025\/10\/12\/denuncian-campana-negra-contra-rector-de-la-uat\/","title":{"rendered":"Denuncian \u201c Campa\u00f1a Negra\u201d contra Rector de la UAT"},"content":{"rendered":"<p>Cd. Victoria, Tamaulipas.- La comunidad universitaria denunci\u00f3 una campa\u00f1a de desprestigio impulsada desde el anonimato de las redes sociales en contra del rector D\u00e1maso Anaya Alvarado, la cual busca difamar y distorsionar el trabajo institucional que se ha venido realizando durante los \u00faltimos a\u00f1os.<\/p>\n<p>De acuerdo con diversos sectores universitarios, se trata de intentos cobardes y carentes de fundamento que, mediante rumores y calumnias, pretenden da\u00f1ar la imagen del rector y de la m\u00e1xima casa de estudios del estado.<\/p>\n<p>Pese a estas acciones, la UAT contin\u00faa avanzando con paso firme, consolidando importantes logros en materia acad\u00e9mica, cient\u00edfica y administrativa, que la han posicionado entre las mejores universidades p\u00fablicas del pa\u00eds.<\/p>\n<p>En tan solo dos a\u00f1os de gesti\u00f3n, D\u00e1maso Anaya Alvarado ha impulsado un proceso de transformaci\u00f3n que privilegia la calidad educativa, la transparencia y el fortalecimiento de la identidad universitaria. Por ello, la comunidad acad\u00e9mica, estudiantil y administrativa ha cerrado filas en torno a su rector, respaldando las acciones que buscan el desarrollo integral de la instituci\u00f3n.<\/p>\n<p>Mientras tanto \u2014se\u00f1alaron voces universitarias\u2014, \u201cotros recurren a la mentira y a la manipulaci\u00f3n sin presentar una sola prueba que sustente sus dichos\u201d, evidenciando con ello el verdadero prop\u00f3sito de obstaculizar el progreso de la UAT.<\/p>\n<p>La Universidad reiter\u00f3 que no se distraer\u00e1 con ataques infundados, y que continuar\u00e1 enfocada en sus objetivos sustantivos de docencia, investigaci\u00f3n y vinculaci\u00f3n social, siempre en beneficio de Tamaulipas y de la comunidad universitaria.<\/p>\n","protected":false},"excerpt":{"rendered":"<p>Cd. Victoria, Tamaulipas.- La comunidad universitaria denunci\u00f3 una campa\u00f1a de desprestigio impulsada desde el anonimato de las redes sociales en contra del rector D\u00e1maso Anaya Alvarado, la cual busca difamar y distorsionar el trabajo institucional que se ha venido realizando durante los \u00faltimos a\u00f1os. De acuerdo con diversos sectores universitarios, se trata de intentos cobardes [&hellip;]<\/p>\n","protected":false},"author":1,"featured_media":4738,"comment_status":"open","ping_status":"closed","sticky":false,"template":"","format":"standard","meta":{"footnotes":""},"categories":[8,7],"tags":[],"class_list":["post-4739","post","type-post","status-publish","format-standard","has-post-thumbnail","hentry","category-uat","category-universidad"],"_links":{"self":[{"href":"https:\/\/dvnoticias.com.mx\/index.php\/wp-json\/wp\/v2\/posts\/4739","targetHints":{"allow":["GET"]}}],"collection":[{"href":"https:\/\/dvnoticias.com.mx\/index.php\/wp-json\/wp\/v2\/posts"}],"about":[{"href":"https:\/\/dvnoticias.com.mx\/index.php\/wp-json\/wp\/v2\/types\/post"}],"author":[{"embeddable":true,"href":"https:\/\/dvnoticias.com.mx\/index.php\/wp-json\/wp\/v2\/users\/1"}],"replies":[{"embeddable":true,"href":"https:\/\/dvnoticias.com.mx\/index.php\/wp-json\/wp\/v2\/comments?post=4739"}],"version-history":[{"count":1,"href":"https:\/\/dvnoticias.com.mx\/index.php\/wp-json\/wp\/v2\/posts\/4739\/revisions"}],"predecessor-version":[{"id":4740,"href":"https:\/\/dvnoticias.com.mx\/index.php\/wp-json\/wp\/v2\/posts\/4739\/revisions\/4740"}],"wp:featuredmedia":[{"embeddable":true,"href":"https:\/\/dvnoticias.com.mx\/index.php\/wp-json\/wp\/v2\/media\/4738"}],"wp:attachment":[{"href":"https:\/\/dvnoticias.com.mx\/index.php\/wp-json\/wp\/v2\/media?parent=4739"}],"wp:term":[{"taxonomy":"category","embeddable":true,"href":"https:\/\/dvnoticias.com.mx\/index.php\/wp-json\/wp\/v2\/categories?post=4739"},{"taxonomy":"post_tag","embeddable":true,"href":"https:\/\/dvnoticias.com.mx\/index.php\/wp-json\/wp\/v2\/tags?post=4739"}],"curies":[{"name":"wp","href":"https:\/\/api.w.org\/{rel}","templated":true}]}}