{"id":4571,"date":"2025-09-29T19:00:10","date_gmt":"2025-09-30T01:00:10","guid":{"rendered":"https:\/\/dvnoticias.com.mx\/?p=4571"},"modified":"2025-09-30T17:53:23","modified_gmt":"2025-09-30T17:53:23","slug":"obtiene-tampico-escrituras-de-28-predios-publicos-y-de-uso-comunitario","status":"publish","type":"post","link":"https:\/\/dvnoticias.com.mx\/index.php\/2025\/09\/29\/obtiene-tampico-escrituras-de-28-predios-publicos-y-de-uso-comunitario\/","title":{"rendered":"Obtiene Tampico Escrituras de 28 Predios P\u00fablicos y de Uso Comunitario"},"content":{"rendered":"<p>Tampico, Tamaulipas.- Durante la Trig\u00e9sima S\u00e9ptima Sesi\u00f3n Ordinaria de Cabildo, encabezada por la alcaldesa M\u00f3nica Villarreal Anaya, se aprobaron acuerdos orientados a fortalecer el patrimonio municipal y garantizar el uso de espacios en beneficio de la ciudadan\u00eda.<\/p>\n<p>El Cabildo en pleno autoriz\u00f3 la celebraci\u00f3n de un contrato de comodato con la Oficina de Representaci\u00f3n Estatal de la Coordinaci\u00f3n Nacional de Becas para el Bienestar, con vigencia hasta 2027. Asimismo, se aprob\u00f3 la desincorporaci\u00f3n y donaci\u00f3n de dos predios municipales a favor del INFONAVIT y del IMSS, con el fin de impulsar el desarrollo habitacional y los servicios de salud.<\/p>\n<p>En materia de certeza jur\u00eddica, se incorporaron al patrimonio municipal diversos espacios educativos, de asistencia social, \u00e1reas verdes y de uso comunitario, como un jard\u00edn de ni\u00f1os, un parque, una iglesia y la Casa del Adulto Mayor.<\/p>\n<p>M\u00f3nica Villarreal destac\u00f3 que estas acciones permiten ordenar, proteger y dar certeza legal a espacios de uso social y comunitario.<\/p>\n<p>\u201cSeguiremos trabajando de manera responsable para que cada predio tenga la seguridad jur\u00eddica necesaria y est\u00e9 destinado a proyectos que fortalezcan el bienestar de las familias tampique\u00f1as\u201d, se\u00f1al\u00f3.<\/p>\n<p>La alcaldesa revel\u00f3 que mediante estas acciones, 28 predios municipales ya cuentan con escrituras, lo que, dijo, brinda certeza jur\u00eddica, y garantiza su protecci\u00f3n, conservaci\u00f3n y administraci\u00f3n eficiente.<\/p>\n<p>\u201cVeintiocho predios m\u00e1s ya cuentan con certeza jur\u00eddica, las principales plazas y distintas \u00e1reas verdes, como es el Parque la Paz, la Plaza \u00c1guila, Parque Urbano en la colonia Luis Echeverr\u00eda, una cantidad importante de \u00e1reas verdes, el Mercado Municipal, la cancha deportiva 2 de junio, el Cementerio Municipal, entre otros. Todos estos predios ya tienen la certeza legal que son propiedad de las y los tampique\u00f1os\u201d, puntualiz\u00f3.<\/p>\n<p>Finalmente, Villarreal Anaya, dijo que con estas acciones, refrenda su compromiso con el desarrollo ordenado, el fortalecimiento de la infraestructura social y la consolidaci\u00f3n de espacios p\u00fablicos en beneficio de la comunidad.<\/p>\n","protected":false},"excerpt":{"rendered":"<p>Tampico, Tamaulipas.- Durante la Trig\u00e9sima S\u00e9ptima Sesi\u00f3n Ordinaria de Cabildo, encabezada por la alcaldesa M\u00f3nica Villarreal Anaya, se aprobaron acuerdos orientados a fortalecer el patrimonio municipal y garantizar el uso de espacios en beneficio de la ciudadan\u00eda. El Cabildo en pleno autoriz\u00f3 la celebraci\u00f3n de un contrato de comodato con la Oficina de Representaci\u00f3n Estatal [&hellip;]<\/p>\n","protected":false},"author":1,"featured_media":4573,"comment_status":"open","ping_status":"closed","sticky":false,"template":"","format":"standard","meta":{"footnotes":""},"categories":[9],"tags":[],"class_list":["post-4571","post","type-post","status-publish","format-standard","has-post-thumbnail","hentry","category-zona-conurbada-del-sur"],"_links":{"self":[{"href":"https:\/\/dvnoticias.com.mx\/index.php\/wp-json\/wp\/v2\/posts\/4571","targetHints":{"allow":["GET"]}}],"collection":[{"href":"https:\/\/dvnoticias.com.mx\/index.php\/wp-json\/wp\/v2\/posts"}],"about":[{"href":"https:\/\/dvnoticias.com.mx\/index.php\/wp-json\/wp\/v2\/types\/post"}],"author":[{"embeddable":true,"href":"https:\/\/dvnoticias.com.mx\/index.php\/wp-json\/wp\/v2\/users\/1"}],"replies":[{"embeddable":true,"href":"https:\/\/dvnoticias.com.mx\/index.php\/wp-json\/wp\/v2\/comments?post=4571"}],"version-history":[{"count":1,"href":"https:\/\/dvnoticias.com.mx\/index.php\/wp-json\/wp\/v2\/posts\/4571\/revisions"}],"predecessor-version":[{"id":4572,"href":"https:\/\/dvnoticias.com.mx\/index.php\/wp-json\/wp\/v2\/posts\/4571\/revisions\/4572"}],"wp:featuredmedia":[{"embeddable":true,"href":"https:\/\/dvnoticias.com.mx\/index.php\/wp-json\/wp\/v2\/media\/4573"}],"wp:attachment":[{"href":"https:\/\/dvnoticias.com.mx\/index.php\/wp-json\/wp\/v2\/media?parent=4571"}],"wp:term":[{"taxonomy":"category","embeddable":true,"href":"https:\/\/dvnoticias.com.mx\/index.php\/wp-json\/wp\/v2\/categories?post=4571"},{"taxonomy":"post_tag","embeddable":true,"href":"https:\/\/dvnoticias.com.mx\/index.php\/wp-json\/wp\/v2\/tags?post=4571"}],"curies":[{"name":"wp","href":"https:\/\/api.w.org\/{rel}","templated":true}]}}