{"id":4568,"date":"2025-09-29T19:00:01","date_gmt":"2025-09-30T01:00:01","guid":{"rendered":"https:\/\/dvnoticias.com.mx\/?p=4568"},"modified":"2025-09-30T17:52:04","modified_gmt":"2025-09-30T17:52:04","slug":"erasmo-y-dunia-presiden-primera-semana-de-la-transparencia","status":"publish","type":"post","link":"https:\/\/dvnoticias.com.mx\/index.php\/2025\/09\/29\/erasmo-y-dunia-presiden-primera-semana-de-la-transparencia\/","title":{"rendered":"Erasmo y Dunia presiden \u201cPrimera Semana de la Transparencia\u201d"},"content":{"rendered":"<p>Cd. Madero, Tamaulipas.- El presidente municipal Erasmo Gonz\u00e1lez Robledo, junto a la presidenta del Sistema DIF Ciudad Madero, Lic. Dunia Mar\u00f3n Acu\u00f1a, inici\u00f3 la primera Semana de la Transparencia; este evento refleja el compromiso de fortalecer la cultura de rendici\u00f3n de cuentas, asegurar el acceso a la informaci\u00f3n p\u00fablica y fomentar la participaci\u00f3n ciudadana. Las conferencias est\u00e1n dirigidas al personal del Ayuntamiento; as\u00ed como estudiantes, acad\u00e9micos y ciudadanos en general.<\/p>\n<p>En su mensaje, el alcalde maderense subray\u00f3 que es una iniciativa impulsada por el Gobierno de la ciudad desde el inicio de la administraci\u00f3n, el cumplimiento de los principios de transparencia y rendici\u00f3n de cuentas han sido una prioridad, representan la base de un gobierno cercano, confiable y responsable con la ciudadan\u00eda.<\/p>\n<p>\u201cEl ejercicio p\u00fablico tiene que ser m\u00e1s abierto, con una amplitud mucho m\u00e1s extensa y horizontal, adem\u00e1s de tener m\u00e1s componente de humanismo. Hay que ense\u00f1ar al ciudadano a acceder a la informaci\u00f3n p\u00fablica, motivarlo c\u00f3mo puede informarse y c\u00f3mo puede conocer m\u00e1s de las tareas que tiene a cargo el Ayuntamiento de una ciudad\u201d, expres\u00f3 Erasmo Gonz\u00e1lez.<\/p>\n<p>Asimismo, sostuvo que en el Gobierno Municipal se trabaja para consolidar mecanismos que permitan un acceso claro y oportuno a la informaci\u00f3n, que les permita ser punta de lanza en Tamaulipas en el cumplimiento de esta materia. Se van a generar espacios de di\u00e1logo, reflexi\u00f3n y aprendizaje, para fortalecer nuestras instituciones y acercarlas cada vez m\u00e1s a la gente; porque gobernar con transparencia es gobernar con \u00e9tica, con compromiso y resultados.<\/p>\n<p>Durante la semana se desarrollar\u00e1n conferencias magistrales, paneles de an\u00e1lisis y actividades formativas con la participaci\u00f3n de destacados especialistas quienes compartir\u00e1n sus conocimientos y experiencias en temas como: Acceso a la Informaci\u00f3n, Contralor\u00eda Social, Innovaci\u00f3n y Mecanismos de Rendici\u00f3n de Cuentas y Participaci\u00f3n Ciudadana como Motor de Cambio.<\/p>\n<p>En el evento efectuado en el Centro de Excelencia de la Universidad Aut\u00f3noma de Tamaulipas Mar\u00eda de Jes\u00fas S\u00e1nchez Pi\u00f1a, directora de la Unidad de Transparencia, manifest\u00f3 que \u201ccon esta primera edici\u00f3n de la Semana de la Transparencia buscamos fortalecer una cultura de apertura institucional y de participaci\u00f3n ciudadana, valores indispensables para fortalecer la confianza social y garantizar una gesti\u00f3n p\u00fablica m\u00e1s clara, inclusiva y responsable, especialmente en un contexto de transformaci\u00f3n y cambio\u201d.<\/p>\n<p>Estuvieron presentes la directora de la Facultad de Derecho y Ciencias Sociales, Elda Ruth de los Reyes Villarreal; Luis Miguel Rodr\u00edguez Gonz\u00e1lez, enlace de la Secretar\u00eda General de la Universidad Aut\u00f3noma de Tamaulipas zona sur; regidor Ram\u00f3n G\u00f3mez Narv\u00e1ez, presidente de la Comisi\u00f3n Anticorrupci\u00f3n y Acceso a la Informaci\u00f3n; integrantes del Cabildo, funcionarios municipales y estudiantes.<\/p>\n","protected":false},"excerpt":{"rendered":"<p>Cd. Madero, Tamaulipas.- El presidente municipal Erasmo Gonz\u00e1lez Robledo, junto a la presidenta del Sistema DIF Ciudad Madero, Lic. Dunia Mar\u00f3n Acu\u00f1a, inici\u00f3 la primera Semana de la Transparencia; este evento refleja el compromiso de fortalecer la cultura de rendici\u00f3n de cuentas, asegurar el acceso a la informaci\u00f3n p\u00fablica y fomentar la participaci\u00f3n ciudadana. Las [&hellip;]<\/p>\n","protected":false},"author":1,"featured_media":4570,"comment_status":"open","ping_status":"closed","sticky":false,"template":"","format":"standard","meta":{"footnotes":""},"categories":[9],"tags":[],"class_list":["post-4568","post","type-post","status-publish","format-standard","has-post-thumbnail","hentry","category-zona-conurbada-del-sur"],"_links":{"self":[{"href":"https:\/\/dvnoticias.com.mx\/index.php\/wp-json\/wp\/v2\/posts\/4568","targetHints":{"allow":["GET"]}}],"collection":[{"href":"https:\/\/dvnoticias.com.mx\/index.php\/wp-json\/wp\/v2\/posts"}],"about":[{"href":"https:\/\/dvnoticias.com.mx\/index.php\/wp-json\/wp\/v2\/types\/post"}],"author":[{"embeddable":true,"href":"https:\/\/dvnoticias.com.mx\/index.php\/wp-json\/wp\/v2\/users\/1"}],"replies":[{"embeddable":true,"href":"https:\/\/dvnoticias.com.mx\/index.php\/wp-json\/wp\/v2\/comments?post=4568"}],"version-history":[{"count":1,"href":"https:\/\/dvnoticias.com.mx\/index.php\/wp-json\/wp\/v2\/posts\/4568\/revisions"}],"predecessor-version":[{"id":4569,"href":"https:\/\/dvnoticias.com.mx\/index.php\/wp-json\/wp\/v2\/posts\/4568\/revisions\/4569"}],"wp:featuredmedia":[{"embeddable":true,"href":"https:\/\/dvnoticias.com.mx\/index.php\/wp-json\/wp\/v2\/media\/4570"}],"wp:attachment":[{"href":"https:\/\/dvnoticias.com.mx\/index.php\/wp-json\/wp\/v2\/media?parent=4568"}],"wp:term":[{"taxonomy":"category","embeddable":true,"href":"https:\/\/dvnoticias.com.mx\/index.php\/wp-json\/wp\/v2\/categories?post=4568"},{"taxonomy":"post_tag","embeddable":true,"href":"https:\/\/dvnoticias.com.mx\/index.php\/wp-json\/wp\/v2\/tags?post=4568"}],"curies":[{"name":"wp","href":"https:\/\/api.w.org\/{rel}","templated":true}]}}