{"id":4553,"date":"2025-09-29T18:00:41","date_gmt":"2025-09-30T00:00:41","guid":{"rendered":"https:\/\/dvnoticias.com.mx\/?p=4553"},"modified":"2025-09-30T17:45:36","modified_gmt":"2025-09-30T17:45:36","slug":"congreso-designa-a-edgar-maciel-martinez-baez-como-integrante-del-organo-de-administracion-judicial","status":"publish","type":"post","link":"https:\/\/dvnoticias.com.mx\/index.php\/2025\/09\/29\/congreso-designa-a-edgar-maciel-martinez-baez-como-integrante-del-organo-de-administracion-judicial\/","title":{"rendered":"Congreso designa a Edgar Maciel Mart\u00ednez B\u00e1ez como integrante del \u00d3rgano de Administraci\u00f3n Judicial"},"content":{"rendered":"<p>Cd. Victoria, Tamaulipas.- En sesi\u00f3n extraordinaria, el Pleno del Congreso local aprob\u00f3 la designaci\u00f3n del C. Edgar Maciel Mart\u00ednez B\u00e1ez como integrante del \u00d3rgano de Administraci\u00f3n Judicial del Poder Judicial del Estado, luego de que la Diputaci\u00f3n Permanente emitiera el dictamen correspondiente tras analizar la propuesta presentada por la Junta de Gobierno.<\/p>\n<p>Edgar Maciel Mart\u00ednez B\u00e1ez, con una amplia trayectoria profesional y acad\u00e9mica, cuenta con las credenciales y la experiencia necesarias para desempe\u00f1ar este importante cargo.<\/p>\n<p>\u201cCon base en el an\u00e1lisis, se concluye que el expediente aporta los elementos que permiten apreciar de manera fehaciente que cuenta con la experiencia y preparaci\u00f3n suficiente para poder desempe\u00f1ar de manera capaz dicho encargo\u201d, se\u00f1al\u00f3 la diputada Blanca Aurelia Anzald\u00faa N\u00e1jera durante su intervenci\u00f3n.<\/p>\n<p>Durante la misma sesi\u00f3n, el Pleno del Congreso tambi\u00e9n aprob\u00f3 otros dict\u00e1menes relevantes, que responden a las necesidades de armonizaci\u00f3n constitucional en materia de prisi\u00f3n preventiva, con el objetivo de fortalecer la seguridad jur\u00eddica; de gesti\u00f3n financiera municipal, para impulsar obras de infraestructura social en Matamoros; y de reorientaci\u00f3n del gasto p\u00fablico en los Ayuntamientos, a fin de garantizar servicios b\u00e1sicos como agua potable, drenaje, alumbrado, limpieza y mantenimiento urbano, en beneficio de la ciudadan\u00eda.<\/p>\n<p>En una segunda Junta Previa celebrada este lunes, el Pleno del Congreso del Estado eligi\u00f3 a las y los diputados que integrar\u00e1n la Mesa Directiva que conducir\u00e1 los trabajos de la Sesi\u00f3n P\u00fablica, Extraordinaria y Solemne a realizarse el pr\u00f3ximo 30 de septiembre de 2025, a las 12:00 horas, en el Polyforum \u201cDoctor Rodolfo Torre Cant\u00fa\u201d, declarado previamente como Recinto Oficial del Poder Legislativo. Dicha sesi\u00f3n tendr\u00e1 como prop\u00f3sito la toma de protesta de las personas juzgadoras electas.<\/p>\n<p>La Mesa Directiva qued\u00f3 conformada por el diputado Humberto Armando Prieto Herrera como presidente; en la secretar\u00eda, el diputado Elifa G\u00f3mez y la diputada Patricia Mireya Saldivar Cano, y como suplente, la diputada Mercedes del Carmen Guill\u00e9n Vicente.<\/p>\n","protected":false},"excerpt":{"rendered":"<p>Cd. Victoria, Tamaulipas.- En sesi\u00f3n extraordinaria, el Pleno del Congreso local aprob\u00f3 la designaci\u00f3n del C. Edgar Maciel Mart\u00ednez B\u00e1ez como integrante del \u00d3rgano de Administraci\u00f3n Judicial del Poder Judicial del Estado, luego de que la Diputaci\u00f3n Permanente emitiera el dictamen correspondiente tras analizar la propuesta presentada por la Junta de Gobierno. Edgar Maciel Mart\u00ednez [&hellip;]<\/p>\n","protected":false},"author":1,"featured_media":4555,"comment_status":"open","ping_status":"closed","sticky":false,"template":"","format":"standard","meta":{"footnotes":""},"categories":[3],"tags":[],"class_list":["post-4553","post","type-post","status-publish","format-standard","has-post-thumbnail","hentry","category-estatal"],"_links":{"self":[{"href":"https:\/\/dvnoticias.com.mx\/index.php\/wp-json\/wp\/v2\/posts\/4553","targetHints":{"allow":["GET"]}}],"collection":[{"href":"https:\/\/dvnoticias.com.mx\/index.php\/wp-json\/wp\/v2\/posts"}],"about":[{"href":"https:\/\/dvnoticias.com.mx\/index.php\/wp-json\/wp\/v2\/types\/post"}],"author":[{"embeddable":true,"href":"https:\/\/dvnoticias.com.mx\/index.php\/wp-json\/wp\/v2\/users\/1"}],"replies":[{"embeddable":true,"href":"https:\/\/dvnoticias.com.mx\/index.php\/wp-json\/wp\/v2\/comments?post=4553"}],"version-history":[{"count":1,"href":"https:\/\/dvnoticias.com.mx\/index.php\/wp-json\/wp\/v2\/posts\/4553\/revisions"}],"predecessor-version":[{"id":4554,"href":"https:\/\/dvnoticias.com.mx\/index.php\/wp-json\/wp\/v2\/posts\/4553\/revisions\/4554"}],"wp:featuredmedia":[{"embeddable":true,"href":"https:\/\/dvnoticias.com.mx\/index.php\/wp-json\/wp\/v2\/media\/4555"}],"wp:attachment":[{"href":"https:\/\/dvnoticias.com.mx\/index.php\/wp-json\/wp\/v2\/media?parent=4553"}],"wp:term":[{"taxonomy":"category","embeddable":true,"href":"https:\/\/dvnoticias.com.mx\/index.php\/wp-json\/wp\/v2\/categories?post=4553"},{"taxonomy":"post_tag","embeddable":true,"href":"https:\/\/dvnoticias.com.mx\/index.php\/wp-json\/wp\/v2\/tags?post=4553"}],"curies":[{"name":"wp","href":"https:\/\/api.w.org\/{rel}","templated":true}]}}