{"id":4547,"date":"2025-09-28T18:00:45","date_gmt":"2025-09-29T00:00:45","guid":{"rendered":"https:\/\/dvnoticias.com.mx\/?p=4547"},"modified":"2025-09-29T16:59:52","modified_gmt":"2025-09-29T16:59:52","slug":"morena-pt-realiza-plenaria-legislativa-en-ciudad-mante","status":"publish","type":"post","link":"https:\/\/dvnoticias.com.mx\/index.php\/2025\/09\/28\/morena-pt-realiza-plenaria-legislativa-en-ciudad-mante\/","title":{"rendered":"MORENA\/PT realiza plenaria legislativa en Ciudad Mante"},"content":{"rendered":"<p>El Mante, Tamaulipas.- El coordinador del Grupo Parlamentario de Morena en el Congreso del Estado, HUMBERTO PRIETO HERRERA, presidi\u00f3 este fin de semana la reuni\u00f3n plenaria de diputados en Ciudad Mante, Tamaulipas.<\/p>\n<p>En el encuentro participaron tambi\u00e9n la senadora OLGA SOSA RUIZ y el diputado federal CARLOS CANT\u00da ROSAS, quienes compartieron ponencias relacionadas con iniciativas y reformas que se presentar\u00e1n en el pr\u00f3ximo periodo legislativo.<\/p>\n<p>La plenaria tuvo como prop\u00f3sito fortalecer la coordinaci\u00f3n entre legisladores locales y federales, de cara al arranque del segundo a\u00f1o legislativo y tercer periodo ordinario de sesiones, que iniciar\u00e1 el 1 de octubre.<\/p>\n<p>El presidente de la Junta de Gobierno agradeci\u00f3 el respaldo y hospitalidad de la alcaldesa PATRICIA CH\u00cdO DE LA GARZA, al destacar que los trabajos preparatorios del Grupo Parlamentario MORENA\/PT buscan dar continuidad a la transformaci\u00f3n de Tamaulipas.<\/p>\n<p>\u201cDesde Ciudad Mante refrendamos nuestro compromiso con la ciudadan\u00eda; este primero de octubre iniciaremos el periodo ordinario de sesiones para seguir avanzando en la agenda de cambios que demanda nuestro estado\u201d, manifest\u00f3 PRIETO HERRERA.<\/p>\n<p>Con estas actividades, el titular del Congreso Libre y Soberano de Tamaulipas reafirma su labor legislativa en distintas regiones de la entidad, acercando el trabajo parlamentario a la poblaci\u00f3n.<\/p>\n","protected":false},"excerpt":{"rendered":"<p>El Mante, Tamaulipas.- El coordinador del Grupo Parlamentario de Morena en el Congreso del Estado, HUMBERTO PRIETO HERRERA, presidi\u00f3 este fin de semana la reuni\u00f3n plenaria de diputados en Ciudad Mante, Tamaulipas. En el encuentro participaron tambi\u00e9n la senadora OLGA SOSA RUIZ y el diputado federal CARLOS CANT\u00da ROSAS, quienes compartieron ponencias relacionadas con iniciativas [&hellip;]<\/p>\n","protected":false},"author":1,"featured_media":4549,"comment_status":"open","ping_status":"closed","sticky":false,"template":"","format":"standard","meta":{"footnotes":""},"categories":[3],"tags":[],"class_list":["post-4547","post","type-post","status-publish","format-standard","has-post-thumbnail","hentry","category-estatal"],"_links":{"self":[{"href":"https:\/\/dvnoticias.com.mx\/index.php\/wp-json\/wp\/v2\/posts\/4547","targetHints":{"allow":["GET"]}}],"collection":[{"href":"https:\/\/dvnoticias.com.mx\/index.php\/wp-json\/wp\/v2\/posts"}],"about":[{"href":"https:\/\/dvnoticias.com.mx\/index.php\/wp-json\/wp\/v2\/types\/post"}],"author":[{"embeddable":true,"href":"https:\/\/dvnoticias.com.mx\/index.php\/wp-json\/wp\/v2\/users\/1"}],"replies":[{"embeddable":true,"href":"https:\/\/dvnoticias.com.mx\/index.php\/wp-json\/wp\/v2\/comments?post=4547"}],"version-history":[{"count":1,"href":"https:\/\/dvnoticias.com.mx\/index.php\/wp-json\/wp\/v2\/posts\/4547\/revisions"}],"predecessor-version":[{"id":4548,"href":"https:\/\/dvnoticias.com.mx\/index.php\/wp-json\/wp\/v2\/posts\/4547\/revisions\/4548"}],"wp:featuredmedia":[{"embeddable":true,"href":"https:\/\/dvnoticias.com.mx\/index.php\/wp-json\/wp\/v2\/media\/4549"}],"wp:attachment":[{"href":"https:\/\/dvnoticias.com.mx\/index.php\/wp-json\/wp\/v2\/media?parent=4547"}],"wp:term":[{"taxonomy":"category","embeddable":true,"href":"https:\/\/dvnoticias.com.mx\/index.php\/wp-json\/wp\/v2\/categories?post=4547"},{"taxonomy":"post_tag","embeddable":true,"href":"https:\/\/dvnoticias.com.mx\/index.php\/wp-json\/wp\/v2\/tags?post=4547"}],"curies":[{"name":"wp","href":"https:\/\/api.w.org\/{rel}","templated":true}]}}