{"id":4509,"date":"2025-09-25T19:00:11","date_gmt":"2025-09-26T01:00:11","guid":{"rendered":"https:\/\/dvnoticias.com.mx\/?p=4509"},"modified":"2025-09-26T17:39:10","modified_gmt":"2025-09-26T17:39:10","slug":"dunia-y-erasmo-convocan-a-sumarse-a-la-gran-colecta-teleton-2025","status":"publish","type":"post","link":"https:\/\/dvnoticias.com.mx\/index.php\/2025\/09\/25\/dunia-y-erasmo-convocan-a-sumarse-a-la-gran-colecta-teleton-2025\/","title":{"rendered":"Dunia y Erasmo convocan a sumarse a la gran colecta Telet\u00f3n 2025"},"content":{"rendered":"<p>Cd. Madero, Tamaulipas.- El Sistema DIF Ciudad Madero, bajo la direcci\u00f3n de la Lic. Dunia Mar\u00f3n Acu\u00f1a, en colaboraci\u00f3n con el CRIT Telet\u00f3n Tamaulipas y el Gobierno Municipal, liderado por el presidente Erasmo Gonz\u00e1lez Robledo, organiz\u00f3 una significativa jornada de boteo para apoyar la Colecta Nacional del Telet\u00f3n.<\/p>\n<p>Esta iniciativa busca beneficiar a ni\u00f1os, ni\u00f1as y j\u00f3venes con discapacidad que reciben atenci\u00f3n en los diferentes Centros de Rehabilitaci\u00f3n e Inclusi\u00f3n (CRIT). La actividad cont\u00f3 con la activa participaci\u00f3n de instituciones educativas, autoridades locales y la comunidad en general.<\/p>\n<p>En esta jornada solidaria, realizada sobre la Av. Francisco I. Madero y Av. Tamaulipas participaron activamente estudiantes y personal del Instituto de Ciencias y Estudios Superiores de Tamaulipas (ICEST) y del Instituto Tecnol\u00f3gico de Ciudad Madero, quienes junto con s\u00edndicos, regidores y directores del Gobierno local abordaron a automovilistas para recaudar fondos que ser\u00e1n destinados a la noble causa que impulsa la Fundaci\u00f3n Telet\u00f3n.<\/p>\n<p>El acto, encabezado por la Lic. Dunia Mar\u00f3n Acu\u00f1a, presidenta del DIF maderense junto al presidente municipal Erasmo Gonz\u00e1lez Robledo, represent\u00f3 un claro mensaje de compromiso con las causas sociales y con el fortalecimiento de la cultura de inclusi\u00f3n en el municipio petrolero. En este encuentro tambi\u00e9n particip\u00f3 Karen Leticia L\u00f3pez Cervantes, Promotora Estatal de Recaudaci\u00f3n del CRIT Tamaulipas.<\/p>\n<p>En ese sentido, la Lic. Dunia Mar\u00f3n Acu\u00f1a, expres\u00f3 su agradecimiento a todos los voluntarios, instituciones y ciudadanos que participaron, haciendo \u00e9nfasis en que este tipo de actividades abonar\u00e1 a la meta de 420 millones 770 mil 69 pesos m\u00e1s uno, planteada por el Telet\u00f3n a nivel nacional.<\/p>\n<p>De igual manera, la presidenta del DIF local hizo una atenta invitaci\u00f3n a la ciudadan\u00eda a ser part\u00edcipe del gran evento Telet\u00f3n 2025, una jornada conurbada en la que por primera vez Ciudad Madero ser\u00e1 sede de esta actividad realizada a\u00f1o con a\u00f1o por el CRIT Tamaulipas, localizado en la vecina ciudad de Altamira.<\/p>\n<p>Dicho acto ser\u00e1 efectuado el pr\u00f3ximo 11 de Octubre en el Parque Bicentenario, en punto de las 4:00 p.m. y contar\u00e1 con un ameno programa de actividades y n\u00fameros art\u00edsticos para toda la familia, adem\u00e1s de \u00e1rea gastron\u00f3mica y emprendedores locales que abonar\u00e1n a esta gran fiesta que cuenta con una loable misi\u00f3n.<\/p>\n","protected":false},"excerpt":{"rendered":"<p>Cd. Madero, Tamaulipas.- El Sistema DIF Ciudad Madero, bajo la direcci\u00f3n de la Lic. Dunia Mar\u00f3n Acu\u00f1a, en colaboraci\u00f3n con el CRIT Telet\u00f3n Tamaulipas y el Gobierno Municipal, liderado por el presidente Erasmo Gonz\u00e1lez Robledo, organiz\u00f3 una significativa jornada de boteo para apoyar la Colecta Nacional del Telet\u00f3n. Esta iniciativa busca beneficiar a ni\u00f1os, ni\u00f1as [&hellip;]<\/p>\n","protected":false},"author":1,"featured_media":4511,"comment_status":"open","ping_status":"closed","sticky":false,"template":"","format":"standard","meta":{"footnotes":""},"categories":[9],"tags":[],"class_list":["post-4509","post","type-post","status-publish","format-standard","has-post-thumbnail","hentry","category-zona-conurbada-del-sur"],"_links":{"self":[{"href":"https:\/\/dvnoticias.com.mx\/index.php\/wp-json\/wp\/v2\/posts\/4509","targetHints":{"allow":["GET"]}}],"collection":[{"href":"https:\/\/dvnoticias.com.mx\/index.php\/wp-json\/wp\/v2\/posts"}],"about":[{"href":"https:\/\/dvnoticias.com.mx\/index.php\/wp-json\/wp\/v2\/types\/post"}],"author":[{"embeddable":true,"href":"https:\/\/dvnoticias.com.mx\/index.php\/wp-json\/wp\/v2\/users\/1"}],"replies":[{"embeddable":true,"href":"https:\/\/dvnoticias.com.mx\/index.php\/wp-json\/wp\/v2\/comments?post=4509"}],"version-history":[{"count":1,"href":"https:\/\/dvnoticias.com.mx\/index.php\/wp-json\/wp\/v2\/posts\/4509\/revisions"}],"predecessor-version":[{"id":4510,"href":"https:\/\/dvnoticias.com.mx\/index.php\/wp-json\/wp\/v2\/posts\/4509\/revisions\/4510"}],"wp:featuredmedia":[{"embeddable":true,"href":"https:\/\/dvnoticias.com.mx\/index.php\/wp-json\/wp\/v2\/media\/4511"}],"wp:attachment":[{"href":"https:\/\/dvnoticias.com.mx\/index.php\/wp-json\/wp\/v2\/media?parent=4509"}],"wp:term":[{"taxonomy":"category","embeddable":true,"href":"https:\/\/dvnoticias.com.mx\/index.php\/wp-json\/wp\/v2\/categories?post=4509"},{"taxonomy":"post_tag","embeddable":true,"href":"https:\/\/dvnoticias.com.mx\/index.php\/wp-json\/wp\/v2\/tags?post=4509"}],"curies":[{"name":"wp","href":"https:\/\/api.w.org\/{rel}","templated":true}]}}