{"id":4476,"date":"2025-09-24T18:00:35","date_gmt":"2025-09-25T00:00:35","guid":{"rendered":"https:\/\/dvnoticias.com.mx\/?p=4476"},"modified":"2025-09-25T17:35:42","modified_gmt":"2025-09-25T17:35:42","slug":"inicia-municipio-una-obra-mas-de-pavimentacion-en-la-colonia-lazaro-cardenas","status":"publish","type":"post","link":"https:\/\/dvnoticias.com.mx\/index.php\/2025\/09\/24\/inicia-municipio-una-obra-mas-de-pavimentacion-en-la-colonia-lazaro-cardenas\/","title":{"rendered":"Inicia Municipio una obra m\u00e1s de pavimentaci\u00f3n en la colonia L\u00e1zaro C\u00e1rdenas."},"content":{"rendered":"<p>Cd. Victoria, Tamaulipas. \u2013 Con el banderazo de arranque, el alcalde de Victoria Eduardo Gatt\u00e1s B\u00e1ez puso en marcha la obra de rehabilitaci\u00f3n y pavimentaci\u00f3n de carpeta asf\u00e1ltica en beneficio de 5,180 habitantes de la colonia L\u00e1zaro C\u00e1rdenas, alumnos, padres de familia y personal docente de la escuela \u201cMar\u00eda Isabel Mata Alvarado\u201d.<\/p>\n<p>En compa\u00f1\u00eda de su esposa Lucy de Gatt\u00e1s, integrantes del Cabildo local y equipo de trabajo, hizo acto de presencia en la calle Avenida Central para refrendar el compromiso de su gobierno, de continuar mejorando la movilidad y calidad de vida de las familias victorenses en la zona urbana y rural del municipio.<\/p>\n<p>\u201cVamos a seguir tocando puertas para conseguir m\u00e1s recursos para nuestra hermosa ciudad Victoria\u201d, dijo Gatt\u00e1s B\u00e1ez al dar el banderazo de inicio de obra a la maquinaria que retirar\u00e1 el pavimento da\u00f1ado en una superficie de 3,472 metros cuadrados, entre Eje Vial y calle 27 Lauro Rend\u00f3n.<\/p>\n<p>A nombre de los beneficiarios, la se\u00f1ora Irma P\u00e9rez Castro dio emotivo recibimiento al alcalde la Capital de Tamaulipas, a qui\u00e9n agradeci\u00f3 \u201cla voluntad de dar soluci\u00f3n a la problem\u00e1tica vial\u201d, expresi\u00f3n a la que sum\u00f3 el Prof. Silvestre Reyes Ornelas, Director de la primaria Mar\u00eda Isabel Mata Alvarado, en representaci\u00f3n de la comunidad escolar.<\/p>\n","protected":false},"excerpt":{"rendered":"<p>Cd. Victoria, Tamaulipas. \u2013 Con el banderazo de arranque, el alcalde de Victoria Eduardo Gatt\u00e1s B\u00e1ez puso en marcha la obra de rehabilitaci\u00f3n y pavimentaci\u00f3n de carpeta asf\u00e1ltica en beneficio de 5,180 habitantes de la colonia L\u00e1zaro C\u00e1rdenas, alumnos, padres de familia y personal docente de la escuela \u201cMar\u00eda Isabel Mata Alvarado\u201d. En compa\u00f1\u00eda de [&hellip;]<\/p>\n","protected":false},"author":1,"featured_media":4478,"comment_status":"open","ping_status":"closed","sticky":false,"template":"","format":"standard","meta":{"footnotes":""},"categories":[2],"tags":[],"class_list":["post-4476","post","type-post","status-publish","format-standard","has-post-thumbnail","hentry","category-local"],"_links":{"self":[{"href":"https:\/\/dvnoticias.com.mx\/index.php\/wp-json\/wp\/v2\/posts\/4476","targetHints":{"allow":["GET"]}}],"collection":[{"href":"https:\/\/dvnoticias.com.mx\/index.php\/wp-json\/wp\/v2\/posts"}],"about":[{"href":"https:\/\/dvnoticias.com.mx\/index.php\/wp-json\/wp\/v2\/types\/post"}],"author":[{"embeddable":true,"href":"https:\/\/dvnoticias.com.mx\/index.php\/wp-json\/wp\/v2\/users\/1"}],"replies":[{"embeddable":true,"href":"https:\/\/dvnoticias.com.mx\/index.php\/wp-json\/wp\/v2\/comments?post=4476"}],"version-history":[{"count":1,"href":"https:\/\/dvnoticias.com.mx\/index.php\/wp-json\/wp\/v2\/posts\/4476\/revisions"}],"predecessor-version":[{"id":4477,"href":"https:\/\/dvnoticias.com.mx\/index.php\/wp-json\/wp\/v2\/posts\/4476\/revisions\/4477"}],"wp:featuredmedia":[{"embeddable":true,"href":"https:\/\/dvnoticias.com.mx\/index.php\/wp-json\/wp\/v2\/media\/4478"}],"wp:attachment":[{"href":"https:\/\/dvnoticias.com.mx\/index.php\/wp-json\/wp\/v2\/media?parent=4476"}],"wp:term":[{"taxonomy":"category","embeddable":true,"href":"https:\/\/dvnoticias.com.mx\/index.php\/wp-json\/wp\/v2\/categories?post=4476"},{"taxonomy":"post_tag","embeddable":true,"href":"https:\/\/dvnoticias.com.mx\/index.php\/wp-json\/wp\/v2\/tags?post=4476"}],"curies":[{"name":"wp","href":"https:\/\/api.w.org\/{rel}","templated":true}]}}