{"id":4440,"date":"2025-09-22T19:00:02","date_gmt":"2025-09-23T01:00:02","guid":{"rendered":"https:\/\/dvnoticias.com.mx\/?p=4440"},"modified":"2025-09-23T17:58:37","modified_gmt":"2025-09-23T17:58:37","slug":"monica-villarreal-impulsa-el-festival-renace-para-enriquecer-el-paisaje-urbano-y-la-identidad-de-tampico","status":"publish","type":"post","link":"https:\/\/dvnoticias.com.mx\/index.php\/2025\/09\/22\/monica-villarreal-impulsa-el-festival-renace-para-enriquecer-el-paisaje-urbano-y-la-identidad-de-tampico\/","title":{"rendered":"M\u00f3nica Villarreal impulsa el Festival \u201cRenace\u201d para enriquecer el paisaje urbano y la identidad de Tampico"},"content":{"rendered":"<p>Tampico, Tamaulipas.- La Presidenta Municipal de Tampico, M\u00f3nica Villarreal Anaya, encabez\u00f3 este lunes, el arranque de la Onceava Edici\u00f3n del Festival Internacional de Arte P\u00fablico \u201cRenace\u201d, que este a\u00f1o lleva por t\u00edtulo \u201cEcos del Manglar\u201d, cuyo prop\u00f3sito es mejorar los espacios p\u00fablicos de la ciudad mediante intervenciones art\u00edsticas de gran formato realizadas por muralistas de diversas nacionalidades que aportar\u00e1n su talento y visi\u00f3n.<\/p>\n<p>Acompa\u00f1ada del Arquitecto Salvador Zamora Chapa, director del Festival, as\u00ed como de Carlos Acosta, pintor y poeta, y el artista participante Juli\u00e1n Roura, la primera autoridad municipal destac\u00f3 que este programa se estar\u00e1 llevando a cabo del 22 de septiembre al 4 de octubre del a\u00f1o en curso, con una serie de intervenciones art\u00edsticas que transformar\u00e1n 25 edificios de Fovissste Lomas del Chairel y sus alrededores.<\/p>\n<p>El festival tiene como objetivo reflejar la identidad, las tradiciones y la biodiversidad de Tampico, con un \u00e9nfasis especial en la importancia del manglar, un ecosistema esencial para la regi\u00f3n. Los murales, realizados por artistas de Argentina, Brasil, Colombia, Francia, Venezuela, Estados Unidos y Palestina, en colaboraci\u00f3n con artistas locales, enriquecer\u00e1n el paisaje urbano de la ciudad con im\u00e1genes que evocan el patrimonio natural y cultural de Tampico.<\/p>\n<p>Durante su intervenci\u00f3n, la alcaldesa porte\u00f1a expres\u00f3: \u201cEste festival no solo es un espacio para la expresi\u00f3n art\u00edstica, sino tambi\u00e9n un recordatorio de la conexi\u00f3n que tenemos con la naturaleza y nuestra historia. El festival \u2018Renace\u2019 ser\u00e1 un punto de encuentro para el intercambio cultural y una plataforma para valorar la riqueza de nuestro entorno, tanto natural como humano\u201d.<\/p>\n<p>El evento coordinado por la Secretar\u00eda de Bienestar Social\u00a0 y las direcciones de Desarrollo Urbano, Juventud, y Turismo, tambi\u00e9n fomentar\u00e1 un fuerte intercambio cultural, ya que ocho artistas de la regi\u00f3n colaborar\u00e1n directamente con los muralistas internacionales, aprendiendo nuevas t\u00e9cnicas y compartiendo conocimientos que enriquecer\u00e1n las obras que se plasmar\u00e1n en las fachadas de la ciudad.<\/p>\n<p>Por su parte, Salvador Zamora Chapa, director del Festival, subray\u00f3 que \u201cRenace\u201d es mucho m\u00e1s que un evento art\u00edstico. Es un llamado a transformar los muros de la ciudad en espacios de reflexi\u00f3n y di\u00e1logo. Cada trazo y cada pigmento es un reflejo de la fortaleza y unidad de nuestra comunidad, y una invitaci\u00f3n a sanar y a construir juntos.<\/p>\n<p>El festival Renace, busca no solo transformar visualmente la ciudad, sino tambi\u00e9n contribuir a su desarrollo urbano.<\/p>\n<p>\u201cEsto es una muestra m\u00e1s de que estamos convencidos de que el arte y la cultura est\u00e1 la transformaci\u00f3n y los cimientos de una sociedad m\u00e1s cordial de una sociedad segura en donde confiamos y coincidimos en una gran cantidad de acciones y perspectivas de un Tampico para Todos\u201d, finaliz\u00f3 Villarreal Anaya.<\/p>\n","protected":false},"excerpt":{"rendered":"<p>Tampico, Tamaulipas.- La Presidenta Municipal de Tampico, M\u00f3nica Villarreal Anaya, encabez\u00f3 este lunes, el arranque de la Onceava Edici\u00f3n del Festival Internacional de Arte P\u00fablico \u201cRenace\u201d, que este a\u00f1o lleva por t\u00edtulo \u201cEcos del Manglar\u201d, cuyo prop\u00f3sito es mejorar los espacios p\u00fablicos de la ciudad mediante intervenciones art\u00edsticas de gran formato realizadas por muralistas de [&hellip;]<\/p>\n","protected":false},"author":1,"featured_media":4442,"comment_status":"open","ping_status":"closed","sticky":false,"template":"","format":"standard","meta":{"footnotes":""},"categories":[9],"tags":[],"class_list":["post-4440","post","type-post","status-publish","format-standard","has-post-thumbnail","hentry","category-zona-conurbada-del-sur"],"_links":{"self":[{"href":"https:\/\/dvnoticias.com.mx\/index.php\/wp-json\/wp\/v2\/posts\/4440","targetHints":{"allow":["GET"]}}],"collection":[{"href":"https:\/\/dvnoticias.com.mx\/index.php\/wp-json\/wp\/v2\/posts"}],"about":[{"href":"https:\/\/dvnoticias.com.mx\/index.php\/wp-json\/wp\/v2\/types\/post"}],"author":[{"embeddable":true,"href":"https:\/\/dvnoticias.com.mx\/index.php\/wp-json\/wp\/v2\/users\/1"}],"replies":[{"embeddable":true,"href":"https:\/\/dvnoticias.com.mx\/index.php\/wp-json\/wp\/v2\/comments?post=4440"}],"version-history":[{"count":1,"href":"https:\/\/dvnoticias.com.mx\/index.php\/wp-json\/wp\/v2\/posts\/4440\/revisions"}],"predecessor-version":[{"id":4441,"href":"https:\/\/dvnoticias.com.mx\/index.php\/wp-json\/wp\/v2\/posts\/4440\/revisions\/4441"}],"wp:featuredmedia":[{"embeddable":true,"href":"https:\/\/dvnoticias.com.mx\/index.php\/wp-json\/wp\/v2\/media\/4442"}],"wp:attachment":[{"href":"https:\/\/dvnoticias.com.mx\/index.php\/wp-json\/wp\/v2\/media?parent=4440"}],"wp:term":[{"taxonomy":"category","embeddable":true,"href":"https:\/\/dvnoticias.com.mx\/index.php\/wp-json\/wp\/v2\/categories?post=4440"},{"taxonomy":"post_tag","embeddable":true,"href":"https:\/\/dvnoticias.com.mx\/index.php\/wp-json\/wp\/v2\/tags?post=4440"}],"curies":[{"name":"wp","href":"https:\/\/api.w.org\/{rel}","templated":true}]}}