{"id":4396,"date":"2025-09-16T19:00:24","date_gmt":"2025-09-17T01:00:24","guid":{"rendered":"https:\/\/dvnoticias.com.mx\/?p=4396"},"modified":"2025-09-17T17:17:33","modified_gmt":"2025-09-17T17:17:33","slug":"encabeza-monica-villarreal-desfile-del-215-aniversario-de-la-independencia-de-mexico","status":"publish","type":"post","link":"https:\/\/dvnoticias.com.mx\/index.php\/2025\/09\/16\/encabeza-monica-villarreal-desfile-del-215-aniversario-de-la-independencia-de-mexico\/","title":{"rendered":"Encabeza M\u00f3nica Villarreal desfile del 215 Aniversario de la Independencia de M\u00e9xico"},"content":{"rendered":"<p>Tampico, Tamaulipas.- La marcha encabezada por la alcaldesa M\u00f3nica Villarreal Anaya, tuvo su punto de partida en el monumento al padre de la Patria, Don Miguel Hidalgo y Costilla instalado en la Plaza de las Artes, donde tuvo lugar una parada c\u00edvica, para de ah\u00ed partir por la longitud de las calles Altamira y Col\u00f3n, teniendo como destino final el Palacio Municipal, donde una numerosa concurrencia se dio cita para disfrutar este vistoso desfile.<\/p>\n<p>M\u00f3nica Villarreal subray\u00f3 que preservar estas tradiciones no solo enaltece la memoria hist\u00f3rica del pa\u00eds, sino que tambi\u00e9n fortalece el orgullo de ser tampique\u00f1os, fomentando valores de respeto, uni\u00f3n y amor por la patria en las nuevas generaciones.<\/p>\n<p>Agradeci\u00f3 el esfuerzo de cada una de las \u00e1reas municipales involucradas en la organizaci\u00f3n de este evento, resaltando que gracias a la coordinaci\u00f3n interinstitucional fue posible garantizar un ambiente de seguridad y orden para las familias asistentes, quienes pudieron disfrutar de una celebraci\u00f3n llena de fervor patrio en un marco de paz y sana convivencia.<\/p>\n<p>En la tradicional marcha participaron 3 mil 955 elementos entre alumnos, personal militar, cuerpos de auxilio, y representantes de organismos p\u00fablicos y privados; adem\u00e1s de 38 veh\u00edculos y 4 ejemplares caninos.<\/p>\n<p>Villarreal Anaya estuvo acompa\u00f1ada de los integrantes de Cabildo, la Presidenta del Sistema DIF Tampico, Dra. Luz Adriana Villarreal Anaya;, el Teniente Coronel de Infanter\u00eda Vicente Vel\u00e1zquez Torres del 15vo. Batall\u00f3n de Infanter\u00eda; el Vicealmirante DEM, Miguel Rivas Hern\u00e1ndez, Comandante de la Primera Zona Naval; la Diputada local Lucero Deosdady Mart\u00ednez; el Secretario general del Ayuntamiento, Carlos Garc\u00eda Porres; la titular de Educaci\u00f3n, Alejandra S\u00e1nchez S\u00e1nchez; el se\u00f1or Antonio Verdeal Millan, esposo de la Presidenta, y dem\u00e1s autoridades civiles y educativas.<\/p>\n","protected":false},"excerpt":{"rendered":"<p>Tampico, Tamaulipas.- La marcha encabezada por la alcaldesa M\u00f3nica Villarreal Anaya, tuvo su punto de partida en el monumento al padre de la Patria, Don Miguel Hidalgo y Costilla instalado en la Plaza de las Artes, donde tuvo lugar una parada c\u00edvica, para de ah\u00ed partir por la longitud de las calles Altamira y Col\u00f3n, [&hellip;]<\/p>\n","protected":false},"author":1,"featured_media":4398,"comment_status":"open","ping_status":"closed","sticky":false,"template":"","format":"standard","meta":{"footnotes":""},"categories":[9],"tags":[],"class_list":["post-4396","post","type-post","status-publish","format-standard","has-post-thumbnail","hentry","category-zona-conurbada-del-sur"],"_links":{"self":[{"href":"https:\/\/dvnoticias.com.mx\/index.php\/wp-json\/wp\/v2\/posts\/4396","targetHints":{"allow":["GET"]}}],"collection":[{"href":"https:\/\/dvnoticias.com.mx\/index.php\/wp-json\/wp\/v2\/posts"}],"about":[{"href":"https:\/\/dvnoticias.com.mx\/index.php\/wp-json\/wp\/v2\/types\/post"}],"author":[{"embeddable":true,"href":"https:\/\/dvnoticias.com.mx\/index.php\/wp-json\/wp\/v2\/users\/1"}],"replies":[{"embeddable":true,"href":"https:\/\/dvnoticias.com.mx\/index.php\/wp-json\/wp\/v2\/comments?post=4396"}],"version-history":[{"count":1,"href":"https:\/\/dvnoticias.com.mx\/index.php\/wp-json\/wp\/v2\/posts\/4396\/revisions"}],"predecessor-version":[{"id":4397,"href":"https:\/\/dvnoticias.com.mx\/index.php\/wp-json\/wp\/v2\/posts\/4396\/revisions\/4397"}],"wp:featuredmedia":[{"embeddable":true,"href":"https:\/\/dvnoticias.com.mx\/index.php\/wp-json\/wp\/v2\/media\/4398"}],"wp:attachment":[{"href":"https:\/\/dvnoticias.com.mx\/index.php\/wp-json\/wp\/v2\/media?parent=4396"}],"wp:term":[{"taxonomy":"category","embeddable":true,"href":"https:\/\/dvnoticias.com.mx\/index.php\/wp-json\/wp\/v2\/categories?post=4396"},{"taxonomy":"post_tag","embeddable":true,"href":"https:\/\/dvnoticias.com.mx\/index.php\/wp-json\/wp\/v2\/tags?post=4396"}],"curies":[{"name":"wp","href":"https:\/\/api.w.org\/{rel}","templated":true}]}}