{"id":4381,"date":"2025-09-16T18:00:18","date_gmt":"2025-09-17T00:00:18","guid":{"rendered":"https:\/\/dvnoticias.com.mx\/?p=4381"},"modified":"2025-09-17T17:09:36","modified_gmt":"2025-09-17T17:09:36","slug":"a-munoz-cano-le-ha-faltado-liderazgo-y-prudencia-hph","status":"publish","type":"post","link":"https:\/\/dvnoticias.com.mx\/index.php\/2025\/09\/16\/a-munoz-cano-le-ha-faltado-liderazgo-y-prudencia-hph\/","title":{"rendered":"A MU\u00d1OZ CANO LE HA FALTADO LIDERAZGO Y PRUDENCIA: HPH"},"content":{"rendered":"<p>Cd. Victoria, Tamaulipas.- No de ahora; ha sido una constante en el dirigente estatal del Partido Verde Ecologista de M\u00e9xico la falta de liderazgo, prudencia y respeto hacia las mujeres, consider\u00f3 el coordinador de la bancada mayoritaria morenista en el Congreso Local, al advertir que el Congreso siempre defender\u00e1 a las mujeres y m\u00e1s a\u00fan a sus compa\u00f1eras diputadas.<\/p>\n<p>\u201cYo como Presidente, las apoyar\u00e9, cuando haya comentarios despectivos, como el que hizo el dirigente del Verde -Manuel Mu\u00f1oz Cano-, en este caso contra una diputada de MORENA -Katayna M\u00e9ndez Cepeda-; yo soy el coordinador del grupo y por supuesto, tambi\u00e9n cuenta con todo nuestro apoyo\u201d, declar\u00f3 Humberto Prieto Herrera, sobre la expresi\u00f3n despectiva de aquel contra la legisladora.<\/p>\n<p>Record\u00f3 que hace meses, cuando las otras tres diputadas sigladas por el PVEM decidieron integrarse al grupo parlamentario de MORENA, Mu\u00f1oz Cano desconoci\u00f3 sus argumentos p\u00fablicos, al decir que fueron presionadas, como si ellas no tuviera una voluntad de decidir por s\u00ed solas.<\/p>\n<p>\u201cEs una gran falta respeto, el comentario que hizo de la diputada\u00a0 Katalyna; ah\u00ed nos da la raz\u00f3n una vez m\u00e1s, de su falta de liderazgo y sobretodo, de respeto hacia las mujeres\u201d, abund\u00f3.<\/p>\n<p>Pidi\u00f3 a las instancias correspondientes, que hagan lo propio respecto de la denuncia por violencia pol\u00edtica en raz\u00f3n de g\u00e9nero presentada por la diputada, que ese tipo de comentarios no vuelvan a suceder, e insisti\u00f3 que el Congreso no va a permitir ese tipo de violencia de ninguna persona.<\/p>\n<p>Mucho menos, de quien debe de conocer que cualquier calificativo de ese tipo no deber\u00eda de ser, pues es dirigente de un partido.<\/p>\n<p>\u201cQue deje de hacer ese tipo de comentarios, t\u00e1n mis\u00f3ginos, es lo m\u00e1s sano, que se disculpe, que se retracte y sobre todo, a lo mejor \u00e9l tiene que analizar internamente c\u00f3mo deben de respetarse a las mujeres\u201d, respondi\u00f3 en la entrevista que concedi\u00f3 a los medios, en torno de las festividades patrias encabezada por el Gobernador Am\u00e9rico Villarreal Anaya.<\/p>\n<p>Expres\u00f3 su orgullo de tener una Presidenta como la doctora Claudia Sheinbaum, primera mujer en pronunciar El Grito desde Palacio Nacional, mandando el mensaje de que es tiempo de las mujeres; \u201cojal\u00e1 muchos entendieran eso y respetaran; ayer fue algo hist\u00f3rico que todos vivimos\u201d, concluy\u00f3.<\/p>\n","protected":false},"excerpt":{"rendered":"<p>Cd. Victoria, Tamaulipas.- No de ahora; ha sido una constante en el dirigente estatal del Partido Verde Ecologista de M\u00e9xico la falta de liderazgo, prudencia y respeto hacia las mujeres, consider\u00f3 el coordinador de la bancada mayoritaria morenista en el Congreso Local, al advertir que el Congreso siempre defender\u00e1 a las mujeres y m\u00e1s a\u00fan [&hellip;]<\/p>\n","protected":false},"author":1,"featured_media":4383,"comment_status":"open","ping_status":"closed","sticky":false,"template":"","format":"standard","meta":{"footnotes":""},"categories":[3],"tags":[],"class_list":["post-4381","post","type-post","status-publish","format-standard","has-post-thumbnail","hentry","category-estatal"],"_links":{"self":[{"href":"https:\/\/dvnoticias.com.mx\/index.php\/wp-json\/wp\/v2\/posts\/4381","targetHints":{"allow":["GET"]}}],"collection":[{"href":"https:\/\/dvnoticias.com.mx\/index.php\/wp-json\/wp\/v2\/posts"}],"about":[{"href":"https:\/\/dvnoticias.com.mx\/index.php\/wp-json\/wp\/v2\/types\/post"}],"author":[{"embeddable":true,"href":"https:\/\/dvnoticias.com.mx\/index.php\/wp-json\/wp\/v2\/users\/1"}],"replies":[{"embeddable":true,"href":"https:\/\/dvnoticias.com.mx\/index.php\/wp-json\/wp\/v2\/comments?post=4381"}],"version-history":[{"count":1,"href":"https:\/\/dvnoticias.com.mx\/index.php\/wp-json\/wp\/v2\/posts\/4381\/revisions"}],"predecessor-version":[{"id":4382,"href":"https:\/\/dvnoticias.com.mx\/index.php\/wp-json\/wp\/v2\/posts\/4381\/revisions\/4382"}],"wp:featuredmedia":[{"embeddable":true,"href":"https:\/\/dvnoticias.com.mx\/index.php\/wp-json\/wp\/v2\/media\/4383"}],"wp:attachment":[{"href":"https:\/\/dvnoticias.com.mx\/index.php\/wp-json\/wp\/v2\/media?parent=4381"}],"wp:term":[{"taxonomy":"category","embeddable":true,"href":"https:\/\/dvnoticias.com.mx\/index.php\/wp-json\/wp\/v2\/categories?post=4381"},{"taxonomy":"post_tag","embeddable":true,"href":"https:\/\/dvnoticias.com.mx\/index.php\/wp-json\/wp\/v2\/tags?post=4381"}],"curies":[{"name":"wp","href":"https:\/\/api.w.org\/{rel}","templated":true}]}}