{"id":4348,"date":"2025-09-13T19:00:33","date_gmt":"2025-09-14T01:00:33","guid":{"rendered":"https:\/\/dvnoticias.com.mx\/?p=4348"},"modified":"2025-09-17T16:51:08","modified_gmt":"2025-09-17T16:51:08","slug":"historico-respaldo-ciudadano-mas-de-5-mil-personas-atestiguan-el-primer-informe-de-monica-villarreal","status":"publish","type":"post","link":"https:\/\/dvnoticias.com.mx\/index.php\/2025\/09\/13\/historico-respaldo-ciudadano-mas-de-5-mil-personas-atestiguan-el-primer-informe-de-monica-villarreal\/","title":{"rendered":"Hist\u00f3rico respaldo ciudadano: m\u00e1s de 5 mil personas atestiguan el Primer Informe de M\u00f3nica Villarreal"},"content":{"rendered":"<p>Tampico, Tamaulipas.- Al rendir su primer informe de gobierno, Villarreal Anaya subray\u00f3 que la transformaci\u00f3n de la ciudad pasa por la ejecuci\u00f3n de programas, la coordinaci\u00f3n con los dem\u00e1s \u00e1mbitos de gobierno y particularmente por el ejercicio de una administraci\u00f3n en donde el humanismo es clave.<\/p>\n<p>Ante m\u00e1s de cinco mil personas reunidas en el Centro de Convenciones y Exposiciones de Tampico y acompa\u00f1ada de los alcaldes de la regi\u00f3n, as\u00ed como por integrantes de la sociedad civil, empresarios y servidores p\u00fablicos estatales y federales, M\u00f3nica Villarreal enumer\u00f3 los logros en cada uno de los cinco ejes rectores que son el pilar de su gobierno.<\/p>\n<p>En representaci\u00f3n del gobernador Am\u00e9rico Villarreal Anaya acudi\u00f3 la secretaria de Econom\u00eda estatal, Ninfa Cant\u00fa De\u00e1ndar, mientras que del Congreso local el diputado Humberto Prieto Herrera, presidente de la Junta de Coordinaci\u00f3n Pol\u00edtica.<\/p>\n<p>A ambos, se les entreg\u00f3 el material testimonial del primer informe de gobierno, en el que se detallan los resultados de la gesti\u00f3n municipal.<\/p>\n<p>\u00abDesde el inicio de esta administraci\u00f3n, partimos del reconocimiento a quienes han dejado un legado de progreso y de la consolidaci\u00f3n de proyectos que generan bienestar y desarrollo, enfrentando con decisi\u00f3n el desaf\u00edo de una ciudad marcada por desigualdades que presentaban rezagos importantes\u00bb, dijo al recordar que se ha mantenido el tono cordial con sus antecesores, desde el comienzo de su gesti\u00f3n<\/p>\n<p>&nbsp;<\/p>\n<p>SE ATENDIERON \u00c1REAS DE OPORTUNIDAD<\/p>\n<p>&nbsp;<\/p>\n<p>Resalt\u00f3 que se encontr\u00f3 con una administraci\u00f3n que ten\u00eda grandes \u00e1reas de oportunidad y se transform\u00f3 la manera de gobernar, poniendo en el centro a las personas y modificando las malas pr\u00e1cticas de gobierno, para hacerlo humano, cercano y sensible.<\/p>\n<p>Al referirse a la base de los resultados obtenidos durante el primer a\u00f1o de gobierno, la Presidenta Municipal mencion\u00f3 que se parti\u00f3 de la estrategia \u00abTampico te Cuida y Todos Cuidamos a Tampico\u00bb, para englobar acciones orientadas a reducir la brecha de desigualdad, la falta de oportunidades y eliminar malas pr\u00e1cticas de gobierno para generar un gobierno honesto y sensible.<\/p>\n<p>Los ejes que integran la estructura sobre la que descansa el gobierno municipal son: Movilidad y servicios p\u00fablicos de calidad \u201cTampico sostenible\u201d; Bienestar Social \u201cTampico que cuida y hace comunidad\u201d; Prosperidad Compartida \u201cTampico pr\u00f3spero e incluyente\u201d; Seguridad con Prevenci\u00f3n y Proximidad Social \u201cTampico seguro\u201d y finalmente Gobierno Austero, Innovador y Cercano \u201cTampico al servicio del pueblo.<\/p>\n<p>&nbsp;<\/p>\n<p>SERVICIOS P\u00daBLICOS EFICIENTES Y MODERNOS<\/p>\n<p>&nbsp;<\/p>\n<p>En el rubro del Eje Movilidad y Servicios P\u00fablicos, dijo que uno de los retos m\u00e1s grandes al inicio de la administraci\u00f3n fue enfrentar la crisis del sistema de recolecci\u00f3n de basura, que se recibi\u00f3 con apenas 12 camiones en funcionamiento y un grave rezago en toda la ciudad, ya que el servicio hab\u00eda dejado de brindarse desde la gesti\u00f3n anterior.<\/p>\n<p>Para revertir esto, se rehabilit\u00f3 el parque vehicular y se adquirieron m\u00e1s camiones, adem\u00e1s de recibir el apoyo del gobernador Am\u00e9rico Villarreal, para la compra de m\u00e1s unidades.<\/p>\n<p>Con ello se aument\u00f3 a 21 camiones y se ampli\u00f3 el n\u00famero de rutas de recolecci\u00f3n, adem\u00e1s de reorganizar el sistema de acopio mediante contenedores, ya que la falta de mantenimiento los hizo ineficaces y representaban un problema de salud p\u00fablica.<\/p>\n<p>&nbsp;<\/p>\n<p>TAMPICO M\u00c1S SEGURO E ILUMINADO<\/p>\n<p>&nbsp;<\/p>\n<p>Villarreal Anaya tambi\u00e9n subray\u00f3 que en el \u00e1rea de alumbrado urbano, destaca la iluminaci\u00f3n del puente \u201cTampico\u201d, que une a Tamaulipas con Veracruz y es una v\u00eda de transporte de mercanc\u00edas vital para el desarrollo nacional.<\/p>\n<p>Gracias a las gestiones hechas ante el gobierno federal, el Ayuntamiento logr\u00f3 que la estructura est\u00e9 nuevamente iluminada, dando m\u00e1s seguridad a quienes lo utilizan.<\/p>\n<p>Tambi\u00e9n dijo que una novedad en la soluci\u00f3n del problema generado por la basura en la ciudad es la compra de una planta trituradora de llantas y basura especial, denominada \u201cImpaktor\u201d, \u00fanica en Am\u00e9rica Latina, con capacidad para procesar hasta 4 toneladas por hora, dando ingresos a trav\u00e9s de la venta de caucho y metales reciclados.<\/p>\n<p>En cuanto a alumbrado p\u00fablico, se puso en marcha el programa \u201cTampico te Ilumina\u201d, con la instalaci\u00f3n de 3,940 luminarias nuevas en el primer a\u00f1o en las principales avenidas de la ciudad.<\/p>\n<p>La presidenta municipal mencion\u00f3 la colaboraci\u00f3n con Petr\u00f3leos Mexicanos (Pemex), que don\u00f3 300 toneladas de asfalto para el bacheo y reencarpetado de una superficie de 6.1 kil\u00f3metros de vialidades principales.<\/p>\n<p>En obra p\u00fablica, Villarreal Anaya enfatiz\u00f3 que tambi\u00e9n se ejecutaron 52 obras de pavimentaci\u00f3n con concreto hidr\u00e1ulico y asf\u00e1ltico en m\u00e1s de 109 mil metros cuadrados, con una inversi\u00f3n cercana a los 243 millones de pesos.<\/p>\n<p>\u00abAqu\u00ed quiero destacar el enorme respaldo de nuestro gobernador, el doctor Am\u00e9rico Villarreal Anaya, pues el gobierno estatal realiz\u00f3 la pavimentaci\u00f3n de 14 avenidas principales en el municipio\u00bb, mencion\u00f3.<\/p>\n<p>M\u00f3nica Villarreal tambi\u00e9n resalt\u00f3 la colaboraci\u00f3n con la Secretar\u00eda de Recursos Hidr\u00e1ulicos para el Desarrollo Social y la COMAPA Sur, para llevar a cabo la rehabilitaci\u00f3n y saneamiento del Sistema Lagunario del Chairel, con el dragado de 148 mil metros c\u00fabicos y el retiro de 363 mil metros cuadrados de maleza acu\u00e1tica.<\/p>\n<p>&nbsp;<\/p>\n<p>RESTAURACI\u00d3N DEL TEJIDO SOCIAL, PUNTO CLAVE<\/p>\n<p>&nbsp;<\/p>\n<p>En su mensaje con motivo del primer informe de gobierno, la Presidenta Municipal refiri\u00f3 que como parte de la visi\u00f3n humanista de su gobierno, se trabaj\u00f3 en la restauraci\u00f3n del tejido social, emprendiendo acciones de mejoramiento y rescate de espacios p\u00fablicos que propician la convivencia familiar y los valores entre las infancias, adolescentes, j\u00f3venes y adultos.<\/p>\n<p>En el eje de Bienestar Social, en Tampico m\u00e1s de 1,100 mujeres recibieron asesor\u00eda jur\u00eddica y psicol\u00f3gica en el Instituto de la Mujer, fortaleciendo la coordinaci\u00f3n con la Fiscal\u00eda para evitar la revictimizaci\u00f3n.<\/p>\n<p>En ese sentido, se realizaron 16 jornadas de bienestar con m\u00e1s de 11 mil gestiones, acercando servicios a m\u00e1s de 9 mil ciudadanos.<\/p>\n<p>Adem\u00e1s, el DIF estatal y municipal trabajan por los sectores m\u00e1s vulnerables, con programas inclusivos como alfabetizaci\u00f3n para la comunidad sorda y capacitaci\u00f3n en Lengua de Se\u00f1as a servidores p\u00fablicos.<\/p>\n<p>En salud, se brindaron m\u00e1s de 10 mil consultas, se inaugur\u00f3 el CECODIAT para atenci\u00f3n a la diabetes, reconocido por la OPS, y se ampliaron servicios con cl\u00ednicas, unidades m\u00f3viles y programas de salud bucal gratuitos.<\/p>\n<p>Tambi\u00e9n se promovieron la cultura y el deporte, con miles de actividades y se consolid\u00f3 un modelo de sustentabilidad ambiental, fortaleciendo el tejido social y el orgullo de ser tampique\u00f1os.<\/p>\n<p>&nbsp;<\/p>\n<p>TAMPICO ES CIUDAD AMIGABLE CON EMPRESARIOS Y EMPRENDEDORES<\/p>\n<p>&nbsp;<\/p>\n<p>En el eje de Desarrollo Econ\u00f3mico Prosperidad Compartida \u00abTampico Pr\u00f3spero e Incluyente\u00bb, se transform\u00f3 la visi\u00f3n de la importancia de las micro, peque\u00f1as y medianas empresas mediante financiamiento a trav\u00e9s del Fondo Tamaulipas y de Nacional Financiera, llegando a dispersar recursos por m\u00e1s de 49 millones de pesos.<\/p>\n<p>Se han efectuado ferias denominadas \u00abMercadito Huasteco\u00bb, apoyando a m\u00e1s de medio centenar de emprendedores y facilitando la realizaci\u00f3n de negocios por un monto superior al mill\u00f3n de pesos.<\/p>\n<p>Tambi\u00e9n se han otorgado becas de capacitaci\u00f3n en alianza con organismos privados y con instituciones internacionales que promueven el desarrollo empresarial.<\/p>\n<p>Villarreal Anaya se\u00f1al\u00f3 que en materia de Seguridad con Prevenci\u00f3n y Proximidad Social \u201cTampico seguro\u201d, con visi\u00f3n preventiva, Tampico instal\u00f3 el Sistema Municipal de Alerta Temprana, dividido en seis zonas con protocolos de respuesta.<\/p>\n<p>Una prueba de su funcionamiento fue la tormenta Barry, cuando se activ\u00f3 un Centro de Mando Unificado con autoridades federales, estatales y municipales, desplegando 60 grupos y seis albergues que atendieron a m\u00e1s de 2,300 personas.<\/p>\n<p>\u201cSe implement\u00f3 el plan \u201cEdificio Seguro\u201d en el Centro Hist\u00f3rico. En seguridad, se fortaleci\u00f3 la Guardia Tamaulipas con nuevas patrullas, c\u00e1maras y puntos de atenci\u00f3n inmediata\u201d, dijo.<\/p>\n<p>Adem\u00e1s, se ampliaron cruces cr\u00edticos de la avenida Hidalgo para mejorar la movilidad.<\/p>\n<p>En justicia c\u00edvica, se cre\u00f3 la Jefatura de Mediaci\u00f3n, con cuatro centros certificados, 60 funcionarios capacitados y programas escolares que promovieron la resoluci\u00f3n pac\u00edfica de conflictos y un campamento infantil de mediaci\u00f3n para fomentar la paz.<\/p>\n<p>En el rengl\u00f3n del eje \u00abGobierno Austero, Innovador y Cercano\u00bb, como parte de las medidas para implementar la disciplina financiera, se logr\u00f3 eficientar el sistema de recaudaci\u00f3n de ingresos propios y aumentaron de manera destacada.<\/p>\n<p>En este sentido, resalta la fortaleza de las finanzas municipales, en el que los activos municipales crecieron 17% y los pasivos bajaron 12%.<\/p>\n<p>M\u00f3nica Villarreal mencion\u00f3 que tambi\u00e9n se escrituraron edificios p\u00fablicos como el Palacio Municipal y numerosos parques y plazas, dando certidumbre jur\u00eddica a esas propiedades que pertenecen a las y los tampique\u00f1os.<\/p>\n<p>La alcaldesa de Tampico puntualiz\u00f3 que en los avances logrados durante el primer a\u00f1o de gobierno, ha sido determinante el apoyo del gobernador Am\u00e9rico Villarreal Anaya, quien con recursos, acciones y gestiones, ha impulsado la transformaci\u00f3n de Tampico en todo sus \u00f3rdenes.<\/p>\n","protected":false},"excerpt":{"rendered":"<p>Tampico, Tamaulipas.- Al rendir su primer informe de gobierno, Villarreal Anaya subray\u00f3 que la transformaci\u00f3n de la ciudad pasa por la ejecuci\u00f3n de programas, la coordinaci\u00f3n con los dem\u00e1s \u00e1mbitos de gobierno y particularmente por el ejercicio de una administraci\u00f3n en donde el humanismo es clave. Ante m\u00e1s de cinco mil personas reunidas en el [&hellip;]<\/p>\n","protected":false},"author":1,"featured_media":4350,"comment_status":"open","ping_status":"closed","sticky":false,"template":"","format":"standard","meta":{"footnotes":""},"categories":[9],"tags":[],"class_list":["post-4348","post","type-post","status-publish","format-standard","has-post-thumbnail","hentry","category-zona-conurbada-del-sur"],"_links":{"self":[{"href":"https:\/\/dvnoticias.com.mx\/index.php\/wp-json\/wp\/v2\/posts\/4348","targetHints":{"allow":["GET"]}}],"collection":[{"href":"https:\/\/dvnoticias.com.mx\/index.php\/wp-json\/wp\/v2\/posts"}],"about":[{"href":"https:\/\/dvnoticias.com.mx\/index.php\/wp-json\/wp\/v2\/types\/post"}],"author":[{"embeddable":true,"href":"https:\/\/dvnoticias.com.mx\/index.php\/wp-json\/wp\/v2\/users\/1"}],"replies":[{"embeddable":true,"href":"https:\/\/dvnoticias.com.mx\/index.php\/wp-json\/wp\/v2\/comments?post=4348"}],"version-history":[{"count":1,"href":"https:\/\/dvnoticias.com.mx\/index.php\/wp-json\/wp\/v2\/posts\/4348\/revisions"}],"predecessor-version":[{"id":4349,"href":"https:\/\/dvnoticias.com.mx\/index.php\/wp-json\/wp\/v2\/posts\/4348\/revisions\/4349"}],"wp:featuredmedia":[{"embeddable":true,"href":"https:\/\/dvnoticias.com.mx\/index.php\/wp-json\/wp\/v2\/media\/4350"}],"wp:attachment":[{"href":"https:\/\/dvnoticias.com.mx\/index.php\/wp-json\/wp\/v2\/media?parent=4348"}],"wp:term":[{"taxonomy":"category","embeddable":true,"href":"https:\/\/dvnoticias.com.mx\/index.php\/wp-json\/wp\/v2\/categories?post=4348"},{"taxonomy":"post_tag","embeddable":true,"href":"https:\/\/dvnoticias.com.mx\/index.php\/wp-json\/wp\/v2\/tags?post=4348"}],"curies":[{"name":"wp","href":"https:\/\/api.w.org\/{rel}","templated":true}]}}