{"id":4330,"date":"2025-09-12T19:00:44","date_gmt":"2025-09-13T01:00:44","guid":{"rendered":"https:\/\/dvnoticias.com.mx\/?p=4330"},"modified":"2025-09-17T15:30:13","modified_gmt":"2025-09-17T15:30:13","slug":"celebrara-tampico-215-aniversario-de-la-independencia","status":"publish","type":"post","link":"https:\/\/dvnoticias.com.mx\/index.php\/2025\/09\/12\/celebrara-tampico-215-aniversario-de-la-independencia\/","title":{"rendered":"Celebrar\u00e1 Tampico 215 Aniversario de la Independencia"},"content":{"rendered":"<p>Tampico, Tamaulipas.- La Presidenta municipal M\u00f3nica Villarreal Anaya, dio a conocer que en el marco del 215 aniversario de la Independencia de M\u00e9xico, se tiene preparada una gran celebraci\u00f3n y para ello la ciudad se ha vestido del color y elementos que distinguen el fervor patrio.<\/p>\n<p>La primera autoridad indic\u00f3 que el pr\u00f3ximo lunes 15 de septiembre, se llevar\u00e1 a cabo el tradicional grito de independencia en el palacio municipal, por lo que extendi\u00f3 la invitaci\u00f3n a la ciudadan\u00eda, para que participe y forme parte de esta gran fiesta nacional.<\/p>\n<p>\u201cQueremos que esta noche de Independencia sea motivo de uni\u00f3n, orgullo y celebraci\u00f3n para todas las familias tampique\u00f1as. Desde las 3 de la tarde, en la Plaza de Armas habr\u00e1 puestos de comida popular, adem\u00e1s tendremos una gran variedad de grupos musicales, y vamos a cerrar la noche con un gran concierto de Mi Banda El Mexicano\u201d, destac\u00f3.<\/p>\n<p>M\u00f3nica Villarreal, detall\u00f3 que la ceremonia protocolaria del grito de independencia, dar\u00e1 inicio en punto de las 23 horas y subray\u00f3 que se ha dispuesto de un amplio operativo de seguridad por parte de la Guardia Estatal, Protecci\u00f3n Civil y Tr\u00e1nsito y Vialidad.<\/p>\n<p>Agreg\u00f3 que la gran fiesta mexicana incluir\u00e1 pirotecnia, verbena popular; y sobre todo un marco perfecto para la integraci\u00f3n social y familiar en un entorno de paz y patriotismo.<\/p>\n<p>Por \u00faltimo la alcaldesa porte\u00f1a record\u00f3 que al interior del palacio municipal se ha montado una exposici\u00f3n permanente del pintor, Edmundo Font, denominada \u201cZapata-Villa Descabalgan en Tampico\u201d abierta para todo el p\u00fablico durante los meses de septiembre a noviembre, tambi\u00e9n se llev\u00f3 a cabo el Concierto Mexicano, de la Orquesta Sinf\u00f3nica de la Universidad Aut\u00f3noma de Tamaulipas y la Facultad de M\u00fasica y Artes en el Espacio Metropolitano.<\/p>\n","protected":false},"excerpt":{"rendered":"<p>Tampico, Tamaulipas.- La Presidenta municipal M\u00f3nica Villarreal Anaya, dio a conocer que en el marco del 215 aniversario de la Independencia de M\u00e9xico, se tiene preparada una gran celebraci\u00f3n y para ello la ciudad se ha vestido del color y elementos que distinguen el fervor patrio. La primera autoridad indic\u00f3 que el pr\u00f3ximo lunes 15 [&hellip;]<\/p>\n","protected":false},"author":1,"featured_media":4332,"comment_status":"open","ping_status":"closed","sticky":false,"template":"","format":"standard","meta":{"footnotes":""},"categories":[9],"tags":[],"class_list":["post-4330","post","type-post","status-publish","format-standard","has-post-thumbnail","hentry","category-zona-conurbada-del-sur"],"_links":{"self":[{"href":"https:\/\/dvnoticias.com.mx\/index.php\/wp-json\/wp\/v2\/posts\/4330","targetHints":{"allow":["GET"]}}],"collection":[{"href":"https:\/\/dvnoticias.com.mx\/index.php\/wp-json\/wp\/v2\/posts"}],"about":[{"href":"https:\/\/dvnoticias.com.mx\/index.php\/wp-json\/wp\/v2\/types\/post"}],"author":[{"embeddable":true,"href":"https:\/\/dvnoticias.com.mx\/index.php\/wp-json\/wp\/v2\/users\/1"}],"replies":[{"embeddable":true,"href":"https:\/\/dvnoticias.com.mx\/index.php\/wp-json\/wp\/v2\/comments?post=4330"}],"version-history":[{"count":1,"href":"https:\/\/dvnoticias.com.mx\/index.php\/wp-json\/wp\/v2\/posts\/4330\/revisions"}],"predecessor-version":[{"id":4331,"href":"https:\/\/dvnoticias.com.mx\/index.php\/wp-json\/wp\/v2\/posts\/4330\/revisions\/4331"}],"wp:featuredmedia":[{"embeddable":true,"href":"https:\/\/dvnoticias.com.mx\/index.php\/wp-json\/wp\/v2\/media\/4332"}],"wp:attachment":[{"href":"https:\/\/dvnoticias.com.mx\/index.php\/wp-json\/wp\/v2\/media?parent=4330"}],"wp:term":[{"taxonomy":"category","embeddable":true,"href":"https:\/\/dvnoticias.com.mx\/index.php\/wp-json\/wp\/v2\/categories?post=4330"},{"taxonomy":"post_tag","embeddable":true,"href":"https:\/\/dvnoticias.com.mx\/index.php\/wp-json\/wp\/v2\/tags?post=4330"}],"curies":[{"name":"wp","href":"https:\/\/api.w.org\/{rel}","templated":true}]}}