{"id":4324,"date":"2025-09-11T19:00:43","date_gmt":"2025-09-12T01:00:43","guid":{"rendered":"https:\/\/dvnoticias.com.mx\/?p=4324"},"modified":"2025-09-17T15:27:12","modified_gmt":"2025-09-17T15:27:12","slug":"inauguran-exposicion-zapata-villa-descabalgan-en-tampico-de-edmundo-font-en-el-palacio-municipal","status":"publish","type":"post","link":"https:\/\/dvnoticias.com.mx\/index.php\/2025\/09\/11\/inauguran-exposicion-zapata-villa-descabalgan-en-tampico-de-edmundo-font-en-el-palacio-municipal\/","title":{"rendered":"Inauguran Exposici\u00f3n \u201cZapata-Villa Descabalgan en Tampico\u201d de Edmundo Font en el Palacio Municipal"},"content":{"rendered":"<p>Tampico, Tamaulipas.- Con motivo de la conmemoraci\u00f3n de las fiestas patrias, la Presidenta Municipal de Tampico, M\u00f3nica Villarreal Anaya, inaugur\u00f3 este jueves la exposici\u00f3n \u201cZapata-Villa Descabalgan en Tampico\u201d, del reconocido artista pl\u00e1stico y escritor tampique\u00f1o Edmundo Font, en el vest\u00edbulo del Palacio Municipal.<\/p>\n<p>Este evento se enmarca dentro de la celebraci\u00f3n de importantes hechos hist\u00f3ricos como la Batalla de Tampico de 1829, el Grito de Independencia de 1810 y el inicio de la Revoluci\u00f3n Mexicana en 1910, consolidando el Palacio Municipal como un espacio donde el arte, la memoria y la identidad nacional convergen.<\/p>\n<p>Durante la inauguraci\u00f3n, la alcaldesa porte\u00f1a, acompa\u00f1ada del creador de la obra, subray\u00f3 el valor de abrir espacios culturales que pongan el arte al servicio de la ciudadan\u00eda.<\/p>\n<p>\u201cNos sentimos muy orgullosos de que esta exposici\u00f3n pueda ser albergada en los tres pisos del Palacio Municipal, la casa de las y los tampique\u00f1os. La pol\u00edtica cultural de nuestra administraci\u00f3n apuesta firmemente por la difusi\u00f3n de expresiones art\u00edsticas del m\u00e1s alto nivel, como esta obra que forma parte de una retrospectiva sin precedentes del autor en M\u00e9xico y el extranjero\u201d, expres\u00f3 Villarreal Anaya.<\/p>\n<p>Asimismo, explic\u00f3 que el t\u00edtulo de la muestra \u2014\u201cZapata-Villa Descabalgan en Tampico\u201d\u2014 alude a un episodio hist\u00f3rico poco conocido, cuando los carrancistas impidieron al general Francisco Villa desmontar su caballer\u00eda en esta ciudad. Adem\u00e1s, el artista rinde homenaje a su abuelo, el coronel Conrado L\u00f3pez Castillo, en varias de las piezas exhibidas.<\/p>\n<p>Con una trayectoria consolidada tanto en M\u00e9xico como en el extranjero, Edmundo Font ha presentado su obra en reconocidos recintos culturales como: Galer\u00eda de la Loter\u00eda Nacional, Claustro de Sor Juana, Museo de Historia de Tlalpan, Casa Museo de Zapata, en Anenecuilco, Museo Clavijero, en Morelia, Casona de Ju\u00e1rez, en Acapulco, Museo de la Universidad de Malasia, en Kuala Lumpur, entre otros.<\/p>\n<p>La Presidenta Municipal tambi\u00e9n resalt\u00f3 que, de forma paralela, el autor presenta una retrospectiva de m\u00e1s de 200 obras en el Espacio Cultural Metropolitano (METRO), de la cual se desprende la serie \u201cZapatas y sus Villas\u201d, integrada en esta exposici\u00f3n municipal.<\/p>\n<p>La muestra estar\u00e1 abierta al p\u00fablico hasta el 30 de noviembre del presente a\u00f1o, y re\u00fane m\u00e1s de tres docenas de obras que integran la iconograf\u00eda revolucionaria de Font, dedicada a figuras clave como Emiliano Zapata y Francisco Villa, en una fusi\u00f3n de historia, identidad y expresi\u00f3n pl\u00e1stica.<\/p>\n<p>El evento inaugural cont\u00f3 con la presencia de Mariana Moctezuma C\u00f3rdoba, directora del METRO; Luz Adriana Villarreal Anaya, Presidenta del Sistema DIF Tampico; el se\u00f1or Antonio Verdeal Mill\u00e1n, esposo de la alcaldesa; as\u00ed como s\u00edndicos, regidores y funcionarios municipales.<\/p>\n","protected":false},"excerpt":{"rendered":"<p>Tampico, Tamaulipas.- Con motivo de la conmemoraci\u00f3n de las fiestas patrias, la Presidenta Municipal de Tampico, M\u00f3nica Villarreal Anaya, inaugur\u00f3 este jueves la exposici\u00f3n \u201cZapata-Villa Descabalgan en Tampico\u201d, del reconocido artista pl\u00e1stico y escritor tampique\u00f1o Edmundo Font, en el vest\u00edbulo del Palacio Municipal. Este evento se enmarca dentro de la celebraci\u00f3n de importantes hechos hist\u00f3ricos [&hellip;]<\/p>\n","protected":false},"author":1,"featured_media":4326,"comment_status":"open","ping_status":"closed","sticky":false,"template":"","format":"standard","meta":{"footnotes":""},"categories":[9],"tags":[],"class_list":["post-4324","post","type-post","status-publish","format-standard","has-post-thumbnail","hentry","category-zona-conurbada-del-sur"],"_links":{"self":[{"href":"https:\/\/dvnoticias.com.mx\/index.php\/wp-json\/wp\/v2\/posts\/4324","targetHints":{"allow":["GET"]}}],"collection":[{"href":"https:\/\/dvnoticias.com.mx\/index.php\/wp-json\/wp\/v2\/posts"}],"about":[{"href":"https:\/\/dvnoticias.com.mx\/index.php\/wp-json\/wp\/v2\/types\/post"}],"author":[{"embeddable":true,"href":"https:\/\/dvnoticias.com.mx\/index.php\/wp-json\/wp\/v2\/users\/1"}],"replies":[{"embeddable":true,"href":"https:\/\/dvnoticias.com.mx\/index.php\/wp-json\/wp\/v2\/comments?post=4324"}],"version-history":[{"count":1,"href":"https:\/\/dvnoticias.com.mx\/index.php\/wp-json\/wp\/v2\/posts\/4324\/revisions"}],"predecessor-version":[{"id":4325,"href":"https:\/\/dvnoticias.com.mx\/index.php\/wp-json\/wp\/v2\/posts\/4324\/revisions\/4325"}],"wp:featuredmedia":[{"embeddable":true,"href":"https:\/\/dvnoticias.com.mx\/index.php\/wp-json\/wp\/v2\/media\/4326"}],"wp:attachment":[{"href":"https:\/\/dvnoticias.com.mx\/index.php\/wp-json\/wp\/v2\/media?parent=4324"}],"wp:term":[{"taxonomy":"category","embeddable":true,"href":"https:\/\/dvnoticias.com.mx\/index.php\/wp-json\/wp\/v2\/categories?post=4324"},{"taxonomy":"post_tag","embeddable":true,"href":"https:\/\/dvnoticias.com.mx\/index.php\/wp-json\/wp\/v2\/tags?post=4324"}],"curies":[{"name":"wp","href":"https:\/\/api.w.org\/{rel}","templated":true}]}}