{"id":4315,"date":"2025-09-10T19:00:38","date_gmt":"2025-09-11T01:00:38","guid":{"rendered":"https:\/\/dvnoticias.com.mx\/?p=4315"},"modified":"2025-09-17T15:22:52","modified_gmt":"2025-09-17T15:22:52","slug":"destaca-monica-villarreal-compromiso-ambiental-de-tampico-en-foro-internacional","status":"publish","type":"post","link":"https:\/\/dvnoticias.com.mx\/index.php\/2025\/09\/10\/destaca-monica-villarreal-compromiso-ambiental-de-tampico-en-foro-internacional\/","title":{"rendered":"Destaca M\u00f3nica Villarreal compromiso ambiental de Tampico en foro internacional"},"content":{"rendered":"<p>Tampico, Tamaulipas.- Al participar en la quinta edici\u00f3n del M\u00e9xico Carbon F\u00f3rum, encabezado por el Gobernador del Estado, Dr. Am\u00e9rico Villarreal Anaya en el Centro de Convenciones Expo Tampico, la Alcaldesa M\u00f3nica Villarreal Anaya, resalt\u00f3 la relevancia de la colaboraci\u00f3n internacional entre organismos gubernamentales y privados en la generaci\u00f3n de propuestas innovadoras de cuidado ambiental, y regulaci\u00f3n de la producci\u00f3n energ\u00e9tica, primordialmente en la mitigaci\u00f3n de las emisiones de carbono.<\/p>\n<p>La Presidenta municipal enfatiz\u00f3 que este foro representa un avance significativo en la sinergia integral para regular \u00e1reas ambientales y abordar los factores que influyen en el cambio clim\u00e1tico.<\/p>\n<p>\u201cEste foro internacional busca impulsar una agenda clim\u00e1tica nacional e internacional, acelerar la descarbonizaci\u00f3n, y fomentar la creaci\u00f3n de mercados de carbono. Con este encuentro, Tamaulipas se coloca como un referente en sostenibilidad, reuniendo a los l\u00edderes del sector, formuladores de pol\u00edticas y empresas, para discutir, colaborar, y desarrollar soluciones innovadoras para la econom\u00eda baja en carb\u00f3n, y la transici\u00f3n\u201d.<\/p>\n<p>M\u00f3nica Villarreal destac\u00f3 que el Foro consolida a Tampico y Tamaulipas como l\u00edderes en producci\u00f3n energ\u00e9tica a nivel nacional, y como un estado y municipio comprometidos con la mitigaci\u00f3n de emisiones de carbono.<\/p>\n<p>Desde la perspectiva tur\u00edstica, Villarreal Anaya subray\u00f3 que el evento posiciona a Tampico en el mapa internacional como destino ideal para congresos y convenciones, recordando que la ciudad ha albergado este a\u00f1o una amplia diversidad de eventos, impulsando el crecimiento tur\u00edstico y la derrama econ\u00f3mica.<\/p>\n<p>\u201cTampico asocia con orgullo la responsabilidad de ser una ciudad comprometida con el medio ambiente, trabajando en la misma l\u00ednea de compromiso con la pol\u00edtica energ\u00e9tica y ambiental que impulsa nuestra Presidenta, la Doctora Claudia Sheinbaum; y nuestro Gobernador, doctor Am\u00e9rico Villareal Anaya. Aqu\u00ed en Tampico, estamos haciendo un fuerte impulso por colaborar a esas disminuciones de carbono y ese compromiso fiel al medio ambiente\u201d, puntualiz\u00f3.<\/p>\n<p>En el evento se cont\u00f3 con la presencia de la secretaria de Desarrollo Urbano y Medio Ambiente de Tamaulipas, Karina Saldivar; as\u00ed como de Javier Arribas, Ministro Consejero Uni\u00f3n Europea; Jos\u00e9 Luis Samaniego, subsecretario de Desarrollo Sostenible y Econom\u00eda Circular federal; Eduardo Piquero, director general M\u00e9xico2; y Ram\u00f3n G\u00fcemez, director general adjunto en Administraci\u00f3n, Finanzas y Sostenibilidad, de la Bolsa Mexicana de Valores, entre otras distinguidas, personalidades.<\/p>\n","protected":false},"excerpt":{"rendered":"<p>Tampico, Tamaulipas.- Al participar en la quinta edici\u00f3n del M\u00e9xico Carbon F\u00f3rum, encabezado por el Gobernador del Estado, Dr. Am\u00e9rico Villarreal Anaya en el Centro de Convenciones Expo Tampico, la Alcaldesa M\u00f3nica Villarreal Anaya, resalt\u00f3 la relevancia de la colaboraci\u00f3n internacional entre organismos gubernamentales y privados en la generaci\u00f3n de propuestas innovadoras de cuidado ambiental, [&hellip;]<\/p>\n","protected":false},"author":1,"featured_media":4317,"comment_status":"open","ping_status":"closed","sticky":false,"template":"","format":"standard","meta":{"footnotes":""},"categories":[9],"tags":[],"class_list":["post-4315","post","type-post","status-publish","format-standard","has-post-thumbnail","hentry","category-zona-conurbada-del-sur"],"_links":{"self":[{"href":"https:\/\/dvnoticias.com.mx\/index.php\/wp-json\/wp\/v2\/posts\/4315","targetHints":{"allow":["GET"]}}],"collection":[{"href":"https:\/\/dvnoticias.com.mx\/index.php\/wp-json\/wp\/v2\/posts"}],"about":[{"href":"https:\/\/dvnoticias.com.mx\/index.php\/wp-json\/wp\/v2\/types\/post"}],"author":[{"embeddable":true,"href":"https:\/\/dvnoticias.com.mx\/index.php\/wp-json\/wp\/v2\/users\/1"}],"replies":[{"embeddable":true,"href":"https:\/\/dvnoticias.com.mx\/index.php\/wp-json\/wp\/v2\/comments?post=4315"}],"version-history":[{"count":1,"href":"https:\/\/dvnoticias.com.mx\/index.php\/wp-json\/wp\/v2\/posts\/4315\/revisions"}],"predecessor-version":[{"id":4316,"href":"https:\/\/dvnoticias.com.mx\/index.php\/wp-json\/wp\/v2\/posts\/4315\/revisions\/4316"}],"wp:featuredmedia":[{"embeddable":true,"href":"https:\/\/dvnoticias.com.mx\/index.php\/wp-json\/wp\/v2\/media\/4317"}],"wp:attachment":[{"href":"https:\/\/dvnoticias.com.mx\/index.php\/wp-json\/wp\/v2\/media?parent=4315"}],"wp:term":[{"taxonomy":"category","embeddable":true,"href":"https:\/\/dvnoticias.com.mx\/index.php\/wp-json\/wp\/v2\/categories?post=4315"},{"taxonomy":"post_tag","embeddable":true,"href":"https:\/\/dvnoticias.com.mx\/index.php\/wp-json\/wp\/v2\/tags?post=4315"}],"curies":[{"name":"wp","href":"https:\/\/api.w.org\/{rel}","templated":true}]}}