{"id":4288,"date":"2025-09-10T18:00:33","date_gmt":"2025-09-11T00:00:33","guid":{"rendered":"https:\/\/dvnoticias.com.mx\/?p=4288"},"modified":"2025-09-13T21:41:48","modified_gmt":"2025-09-13T21:41:48","slug":"anuncia-la-uat-edicion-2025-de-la-feria-del-libro","status":"publish","type":"post","link":"https:\/\/dvnoticias.com.mx\/index.php\/2025\/09\/10\/anuncia-la-uat-edicion-2025-de-la-feria-del-libro\/","title":{"rendered":"Anuncia la UAT edici\u00f3n 2025 de la Feria del Libro"},"content":{"rendered":"<p>Cd. Victoria, Tamaulipas.- Con el prop\u00f3sito de fomentar la lectura, el acceso al conocimiento y la promoci\u00f3n de la cultura, la Universidad Aut\u00f3noma de Tamaulipas dio a conocer la pr\u00f3xima edici\u00f3n de la Feria del Libro UAT 2025, que se llevar\u00e1 a cabo del 25 de octubre al 2 de noviembre, en el Centro Universitario Sur (Campus Tampico).<\/p>\n<p>Bajo la gesti\u00f3n del rector, D\u00e1maso Anaya Alvarado, la Feria del Libro se consolida como un referente cultural de gran impacto en la regi\u00f3n, al reunir, en un mismo espacio, a lectores, escritores, editoriales, instituciones educativas y p\u00fablico en general.<\/p>\n<p>Esta edici\u00f3n contempla una amplia programaci\u00f3n de actividades dirigidas a p\u00fablicos de todas las edades, con la participaci\u00f3n de reconocidas editoriales del pa\u00eds, autores de prestigio, conferencistas, investigadores y artistas, as\u00ed como la colaboraci\u00f3n de dependencias universitarias, municipios y empresas que suman esfuerzos para enriquecer la experiencia de los visitantes.<\/p>\n<p>Con entrada gratuita, la Feria del Libro UAT 2025 se proyecta como un evento de gran trascendencia social y cultural, reafirmando a la Universidad Aut\u00f3noma de Tamaulipas como un actor fundamental en la promoci\u00f3n de la lectura, la cultura y el conocimiento en beneficio de la sociedad.<\/p>\n<p>El Campus Universitario Sur fungir\u00e1 como recinto ferial en un espacio gratuito e incluyente, abierto a toda la comunidad y a las familias, mediante \u00e1reas tem\u00e1ticas como la zona infantil, juvenil y el foro cultural, adem\u00e1s de pabellones que albergar\u00e1n a las principales editoriales del pa\u00eds, estands de dependencias acad\u00e9micas, municipios e instituciones.<\/p>\n<p>Tambi\u00e9n incluye espacios interactivos como el t\u00fanel conmemorativo del 75 aniversario de la UAT, zonas de emprendimiento, \u00e1reas de juegos y actividades al aire libre, complementados con espect\u00e1culos art\u00edsticos y musicales.<\/p>\n<p>Durante nueve d\u00edas la agenda cultural contempla presentaciones editoriales, conferencias magistrales, conversatorios con escritores y acad\u00e9micos, as\u00ed como muestras de danza, teatro y m\u00fasica. De igual forma, se contar\u00e1 con espacios dedicados a la divulgaci\u00f3n cient\u00edfica y acad\u00e9mica, adem\u00e1s de talleres de fomento a la lectura para ni\u00f1os y j\u00f3venes.<\/p>\n<p>Para m\u00e1s informaci\u00f3n consultar las redes sociales oficiales de la Feria del Libro UAT y en el sitio web oficial <a href=\"http:\/\/www.uat.edu.mx\/feriadellibro\">www.uat.edu.mx\/feriadellibro<\/a>.<\/p>\n","protected":false},"excerpt":{"rendered":"<p>Cd. Victoria, Tamaulipas.- Con el prop\u00f3sito de fomentar la lectura, el acceso al conocimiento y la promoci\u00f3n de la cultura, la Universidad Aut\u00f3noma de Tamaulipas dio a conocer la pr\u00f3xima edici\u00f3n de la Feria del Libro UAT 2025, que se llevar\u00e1 a cabo del 25 de octubre al 2 de noviembre, en el Centro Universitario [&hellip;]<\/p>\n","protected":false},"author":1,"featured_media":4290,"comment_status":"open","ping_status":"closed","sticky":false,"template":"","format":"standard","meta":{"footnotes":""},"categories":[8,7],"tags":[],"class_list":["post-4288","post","type-post","status-publish","format-standard","has-post-thumbnail","hentry","category-uat","category-universidad"],"_links":{"self":[{"href":"https:\/\/dvnoticias.com.mx\/index.php\/wp-json\/wp\/v2\/posts\/4288","targetHints":{"allow":["GET"]}}],"collection":[{"href":"https:\/\/dvnoticias.com.mx\/index.php\/wp-json\/wp\/v2\/posts"}],"about":[{"href":"https:\/\/dvnoticias.com.mx\/index.php\/wp-json\/wp\/v2\/types\/post"}],"author":[{"embeddable":true,"href":"https:\/\/dvnoticias.com.mx\/index.php\/wp-json\/wp\/v2\/users\/1"}],"replies":[{"embeddable":true,"href":"https:\/\/dvnoticias.com.mx\/index.php\/wp-json\/wp\/v2\/comments?post=4288"}],"version-history":[{"count":1,"href":"https:\/\/dvnoticias.com.mx\/index.php\/wp-json\/wp\/v2\/posts\/4288\/revisions"}],"predecessor-version":[{"id":4289,"href":"https:\/\/dvnoticias.com.mx\/index.php\/wp-json\/wp\/v2\/posts\/4288\/revisions\/4289"}],"wp:featuredmedia":[{"embeddable":true,"href":"https:\/\/dvnoticias.com.mx\/index.php\/wp-json\/wp\/v2\/media\/4290"}],"wp:attachment":[{"href":"https:\/\/dvnoticias.com.mx\/index.php\/wp-json\/wp\/v2\/media?parent=4288"}],"wp:term":[{"taxonomy":"category","embeddable":true,"href":"https:\/\/dvnoticias.com.mx\/index.php\/wp-json\/wp\/v2\/categories?post=4288"},{"taxonomy":"post_tag","embeddable":true,"href":"https:\/\/dvnoticias.com.mx\/index.php\/wp-json\/wp\/v2\/tags?post=4288"}],"curies":[{"name":"wp","href":"https:\/\/api.w.org\/{rel}","templated":true}]}}