{"id":4279,"date":"2025-09-09T18:00:07","date_gmt":"2025-09-10T00:00:07","guid":{"rendered":"https:\/\/dvnoticias.com.mx\/?p=4279"},"modified":"2025-09-13T21:27:30","modified_gmt":"2025-09-13T21:27:30","slug":"rector-y-estudiantes-de-la-uat-comparten-jornada-universitaria","status":"publish","type":"post","link":"https:\/\/dvnoticias.com.mx\/index.php\/2025\/09\/09\/rector-y-estudiantes-de-la-uat-comparten-jornada-universitaria\/","title":{"rendered":"Rector y estudiantes de la UAT comparten jornada universitaria"},"content":{"rendered":"<p>Cd. Victoria, Tamaulipas.- Con el prop\u00f3sito de consolidar una relaci\u00f3n m\u00e1s cercana con la comunidad universitaria, el rector de la Universidad Aut\u00f3noma de Tamaulipas (UAT), D\u00e1maso Anaya Alvarado, visit\u00f3 la Facultad de Comercio y Administraci\u00f3n Victoria (FCAV), en un encuentro directo con estudiantes, docentes y personal administrativo de este plantel.<\/p>\n<p>Este recorrido, denominado \u201cUn d\u00eda con tu rector\u201d, que se llevar\u00e1 a las 27 dependencias acad\u00e9micas de la UAT, forma parte de las acciones que promueve D\u00e1maso Anaya para estrechar los lazos y escuchar de manera directa a la comunidad estudiantil, conocer sus proyectos y reforzar el acompa\u00f1amiento institucional en las diferentes \u00e1reas que fortalecen su formaci\u00f3n integral.<\/p>\n<p>A su llegada, el rector fue recibido por el director de la FCAV, Jes\u00fas Gerardo Delgado Rivas, iniciando una jornada en donde comparti\u00f3 con las y los j\u00f3venes un di\u00e1logo abierto y constructivo que permiti\u00f3 atender inquietudes y reconocer las iniciativas que impulsan desde los \u00e1mbitos acad\u00e9mico, cultural, deportivo y de emprendimiento.<\/p>\n<p>El rector de la UAT recorri\u00f3 instalaciones acad\u00e9micas, \u00e1reas de convivencia y espacios deportivos, donde dialog\u00f3 con estudiantes sobre sus experiencias formativas y sus aspiraciones profesionales. Tambi\u00e9n conoci\u00f3 de primera mano proyectos estudiantiles adem\u00e1s de interactuar con grupos que participan en actividades extraescolares.<\/p>\n<p>Como parte de su visita, entreg\u00f3 a la Facultad de Comercio y Administraci\u00f3n Victoria una unidad de transporte tipo van, destinada a mejorar la movilidad de estudiantes y docentes en sus actividades.<\/p>\n<p>Durante los encuentros, subray\u00f3 la importancia de propiciar una Universidad m\u00e1s participativa, en la que se fortalezcan los valores de innovaci\u00f3n, compromiso social y responsabilidad ambiental, se\u00f1alando que se busca mantener un contacto permanente con la comunidad estudiantil, escuchando de cerca sus opiniones, inquietudes y proyectos para seguir construyendo una instituci\u00f3n que responda a los retos de la sociedad actual.<\/p>\n<p>La visita del rector D\u00e1maso Anaya constituye un ejemplo del liderazgo cercano que impulsa la Universidad Aut\u00f3noma de Tamaulipas, orientado a fortalecer los lazos con su comunidad y a promover el desarrollo integral de la juventud tamaulipeca.<\/p>\n","protected":false},"excerpt":{"rendered":"<p>Cd. Victoria, Tamaulipas.- Con el prop\u00f3sito de consolidar una relaci\u00f3n m\u00e1s cercana con la comunidad universitaria, el rector de la Universidad Aut\u00f3noma de Tamaulipas (UAT), D\u00e1maso Anaya Alvarado, visit\u00f3 la Facultad de Comercio y Administraci\u00f3n Victoria (FCAV), en un encuentro directo con estudiantes, docentes y personal administrativo de este plantel. Este recorrido, denominado \u201cUn d\u00eda [&hellip;]<\/p>\n","protected":false},"author":1,"featured_media":4281,"comment_status":"open","ping_status":"closed","sticky":false,"template":"","format":"standard","meta":{"footnotes":""},"categories":[8,7],"tags":[],"class_list":["post-4279","post","type-post","status-publish","format-standard","has-post-thumbnail","hentry","category-uat","category-universidad"],"_links":{"self":[{"href":"https:\/\/dvnoticias.com.mx\/index.php\/wp-json\/wp\/v2\/posts\/4279","targetHints":{"allow":["GET"]}}],"collection":[{"href":"https:\/\/dvnoticias.com.mx\/index.php\/wp-json\/wp\/v2\/posts"}],"about":[{"href":"https:\/\/dvnoticias.com.mx\/index.php\/wp-json\/wp\/v2\/types\/post"}],"author":[{"embeddable":true,"href":"https:\/\/dvnoticias.com.mx\/index.php\/wp-json\/wp\/v2\/users\/1"}],"replies":[{"embeddable":true,"href":"https:\/\/dvnoticias.com.mx\/index.php\/wp-json\/wp\/v2\/comments?post=4279"}],"version-history":[{"count":1,"href":"https:\/\/dvnoticias.com.mx\/index.php\/wp-json\/wp\/v2\/posts\/4279\/revisions"}],"predecessor-version":[{"id":4280,"href":"https:\/\/dvnoticias.com.mx\/index.php\/wp-json\/wp\/v2\/posts\/4279\/revisions\/4280"}],"wp:featuredmedia":[{"embeddable":true,"href":"https:\/\/dvnoticias.com.mx\/index.php\/wp-json\/wp\/v2\/media\/4281"}],"wp:attachment":[{"href":"https:\/\/dvnoticias.com.mx\/index.php\/wp-json\/wp\/v2\/media?parent=4279"}],"wp:term":[{"taxonomy":"category","embeddable":true,"href":"https:\/\/dvnoticias.com.mx\/index.php\/wp-json\/wp\/v2\/categories?post=4279"},{"taxonomy":"post_tag","embeddable":true,"href":"https:\/\/dvnoticias.com.mx\/index.php\/wp-json\/wp\/v2\/tags?post=4279"}],"curies":[{"name":"wp","href":"https:\/\/api.w.org\/{rel}","templated":true}]}}