{"id":4187,"date":"2025-09-03T19:00:10","date_gmt":"2025-09-04T01:00:10","guid":{"rendered":"https:\/\/dvnoticias.com.mx\/?p=4187"},"modified":"2025-09-04T15:53:15","modified_gmt":"2025-09-04T15:53:15","slug":"katalyna-mendez-presenta-su-primer-informe-legislativo-en-el-congreso-de-tamaulipas","status":"publish","type":"post","link":"https:\/\/dvnoticias.com.mx\/index.php\/2025\/09\/03\/katalyna-mendez-presenta-su-primer-informe-legislativo-en-el-congreso-de-tamaulipas\/","title":{"rendered":"Katalyna M\u00e9ndez presenta su primer informe legislativo en el Congreso de Tamaulipas"},"content":{"rendered":"<p>Ciudad Victoria, Tamaulipas. \u2013 La Diputada Local por el Distrito 15 de Ciudad Victoria, Katalyna M\u00e9ndez, present\u00f3 ante el Congreso de Tamaulipas su Primer Informe Legislativo, en el que dio a conocer los resultados de un a\u00f1o de trabajo enfocado en la atenci\u00f3n ciudadana, la gesti\u00f3n en territorio y la presentaci\u00f3n de iniciativas para beneficio de los Tamaulipecos.<\/p>\n<p>M\u00e9ndez subray\u00f3 que su mayor compromiso ha sido escuchar y atender de manera directa a las familias victorenses, impulsando asambleas vecinales y programas de gesti\u00f3n que han permitido gestionar soluciones en temas de apoyos sociales, agua, alumbrado p\u00fablico, infraestructura y participaci\u00f3n de la ciudadan\u00eda en las agendas gubernamentales.<\/p>\n<p>En su mensaje, Katalyna M\u00e9ndez se\u00f1al\u00f3:<\/p>\n<p>&gt; \u201cEste informe es reflejo de un a\u00f1o de trabajo de la mano de mucha gente, me encanta el trabajo legislativo, pero siempre amar\u00e9 m\u00e1s estar en territorio, desde mi trabajo como activista. Mi compromiso es seguir demostrando que los Diputados podemos ser cercanos, y que teniendo la voluntad necesaria podemos cambiar la realidad de las familias\u201d.<\/p>\n<p>El documento publicado por la Legisladora en sus redes sociales y medios de comunicaci\u00f3n es un resumen ilustrativo del informe institucional, dentro de las cuales se destacan los siguientes resultados:<\/p>\n<p>Atenci\u00f3n y gesti\u00f3n ciudadana:<\/p>\n<ul>\n<li>Apoyos m\u00e9dicos y alimenticios a familias en situaci\u00f3n vulnerable<\/li>\n<li>Apoyos a estudiantes de educaci\u00f3n preescolar y primaria<\/li>\n<li>Realizaci\u00f3n de asambleas vecinales de consulta y participaci\u00f3n ciudadana en diferentes colonias y ejidos<\/li>\n<\/ul>\n<p>&nbsp;<\/p>\n<p>&nbsp;<\/p>\n<p>&nbsp;<\/p>\n<p>&nbsp;<\/p>\n<p>&nbsp;<\/p>\n<p>&nbsp;<\/p>\n<p>&nbsp;<\/p>\n<p>&nbsp;<\/p>\n<p>&nbsp;<\/p>\n<p>&nbsp;<\/p>\n<p>&nbsp;<\/p>\n<p>&#8211; Reportes de agua y drenaje vinculados a las instancias correspondientes.<\/p>\n<ul>\n<li>Consolidaci\u00f3n de proyectos e iniciativas colectivas para la recuperaci\u00f3n y atenci\u00f3n de espacios p\u00fablicos.<\/li>\n<\/ul>\n<p>&nbsp;<\/p>\n<p>Asimismo, M\u00e9ndez resalt\u00f3 su labor como Presidenta de comisiones en el Congreso, como la Comisi\u00f3n de Vivienda, la Comisi\u00f3n de Participaci\u00f3n Ciudadana, la Comisi\u00f3n de Estudios Legislativos Segunda, y el Comit\u00e9 de Informaci\u00f3n y Gestor\u00eda desde donde ha impulsado pol\u00edticas p\u00fablicas con enfoque social y de bienestar.<\/p>\n<p>&nbsp;<\/p>\n<p>Present\u00f3 los 5 ejes tem\u00e1ticos de su agenda legislativa:<\/p>\n<p>&#8211; Familia<\/p>\n<p>&#8211; Agua<\/p>\n<p>&#8211; Participaci\u00f3n Ciudadana<\/p>\n<p>&#8211; Derechos de las Infancias y Juventudes<\/p>\n<p>&#8211; Vivienda<\/p>\n<p>&nbsp;<\/p>\n<p>De los cuales surgieron 16 iniciativas de reforma en las materias mencionadas.<\/p>\n<p>&nbsp;<\/p>\n<p>Katalyna M\u00e9ndez agradece en su informe la confianza de las y los victorenses y reiter\u00f3 su compromiso de continuar trabajando desde el Congreso y en las colonias para garantizar el bienestar de las familias:<\/p>\n<p>&nbsp;<\/p>\n<p>&gt; \u201cEl honor m\u00e1s grande de mi vida es representar a las y los victorenses en la tribuna m\u00e1s alta del Estado. Seguiremos avanzando, recorriendo cada kil\u00f3metro de tu mano, para seguir construyendo juntas y juntos una Victoria cada vez m\u00e1s bonita y un mejor Tamaulipas.\u201d<\/p>\n","protected":false},"excerpt":{"rendered":"<p>Ciudad Victoria, Tamaulipas. \u2013 La Diputada Local por el Distrito 15 de Ciudad Victoria, Katalyna M\u00e9ndez, present\u00f3 ante el Congreso de Tamaulipas su Primer Informe Legislativo, en el que dio a conocer los resultados de un a\u00f1o de trabajo enfocado en la atenci\u00f3n ciudadana, la gesti\u00f3n en territorio y la presentaci\u00f3n de iniciativas para beneficio [&hellip;]<\/p>\n","protected":false},"author":1,"featured_media":4189,"comment_status":"open","ping_status":"closed","sticky":false,"template":"","format":"standard","meta":{"footnotes":""},"categories":[3],"tags":[],"class_list":["post-4187","post","type-post","status-publish","format-standard","has-post-thumbnail","hentry","category-estatal"],"_links":{"self":[{"href":"https:\/\/dvnoticias.com.mx\/index.php\/wp-json\/wp\/v2\/posts\/4187","targetHints":{"allow":["GET"]}}],"collection":[{"href":"https:\/\/dvnoticias.com.mx\/index.php\/wp-json\/wp\/v2\/posts"}],"about":[{"href":"https:\/\/dvnoticias.com.mx\/index.php\/wp-json\/wp\/v2\/types\/post"}],"author":[{"embeddable":true,"href":"https:\/\/dvnoticias.com.mx\/index.php\/wp-json\/wp\/v2\/users\/1"}],"replies":[{"embeddable":true,"href":"https:\/\/dvnoticias.com.mx\/index.php\/wp-json\/wp\/v2\/comments?post=4187"}],"version-history":[{"count":1,"href":"https:\/\/dvnoticias.com.mx\/index.php\/wp-json\/wp\/v2\/posts\/4187\/revisions"}],"predecessor-version":[{"id":4188,"href":"https:\/\/dvnoticias.com.mx\/index.php\/wp-json\/wp\/v2\/posts\/4187\/revisions\/4188"}],"wp:featuredmedia":[{"embeddable":true,"href":"https:\/\/dvnoticias.com.mx\/index.php\/wp-json\/wp\/v2\/media\/4189"}],"wp:attachment":[{"href":"https:\/\/dvnoticias.com.mx\/index.php\/wp-json\/wp\/v2\/media?parent=4187"}],"wp:term":[{"taxonomy":"category","embeddable":true,"href":"https:\/\/dvnoticias.com.mx\/index.php\/wp-json\/wp\/v2\/categories?post=4187"},{"taxonomy":"post_tag","embeddable":true,"href":"https:\/\/dvnoticias.com.mx\/index.php\/wp-json\/wp\/v2\/tags?post=4187"}],"curies":[{"name":"wp","href":"https:\/\/api.w.org\/{rel}","templated":true}]}}