{"id":4181,"date":"2025-09-03T18:00:46","date_gmt":"2025-09-04T00:00:46","guid":{"rendered":"https:\/\/dvnoticias.com.mx\/?p=4181"},"modified":"2025-09-04T15:49:07","modified_gmt":"2025-09-04T15:49:07","slug":"instala-sst-comite-estatal-para-la-semana-nacional-de-salud-publica-2025","status":"publish","type":"post","link":"https:\/\/dvnoticias.com.mx\/index.php\/2025\/09\/03\/instala-sst-comite-estatal-para-la-semana-nacional-de-salud-publica-2025\/","title":{"rendered":"Instala SST Comit\u00e9 Estatal para la Semana Nacional de Salud P\u00fablica 2025"},"content":{"rendered":"<p>Ciudad Victoria, Tamaulipas.-Para coordinar esfuerzos institucionales y garantizar las acciones que se realizar\u00e1n en la Semana Nacional de Salud P\u00fablica 2025, que del 6 al 13 de septiembre se llevar\u00e1 a cabo en territorio nacional, el secretario de Salud, Vicente Joel Hern\u00e1ndez Navarro, instal\u00f3 el Comit\u00e9 Estatal para la Semana Nacional de Salud P\u00fablica.<\/p>\n<p>Con fundamento jur\u00eddico y como eje rector del sistema estatal de salud, se convoc\u00f3 a los integrantes del Sector Salud, Bienestar Social, Sistema DIF Estatal y la Universidad Aut\u00f3noma de Tamaulipas, a la firma de convenio e instalaci\u00f3n de este Comit\u00e9 que tiene como objetivo asegurar el acceso equitativo a la promoci\u00f3n y prevenci\u00f3n de la salud de toda la poblaci\u00f3n.<\/p>\n<p>El titular de la dependencia estatal, se\u00f1al\u00f3 que para dar cumplimiento a las acciones que se desarrollar\u00e1n en este magno evento nacional, el gobernador Am\u00e9rico Villarreal Anaya, indic\u00f3 aplicar lo necesario para que esta jornada tenga el \u00e9xito y el impacto que se requiere para promover la salud integral en cada rinc\u00f3n de Tamaulipas.<\/p>\n<p>\u201cCon la formaci\u00f3n de este comit\u00e9, se organizar\u00e1n y coordinar\u00e1n las Semanas Nacionales de Salud P\u00fablica que cada a\u00f1o realizar\u00e1 la presidenta Claudia Sheinbaum Pardo, y tenemos el compromiso de establecer estrategias de difusi\u00f3n, capacitaci\u00f3n y operaci\u00f3n; vigilar la calidad de las acciones; promover estilos de vida saludables y coordinar todos los procesos log\u00edsticos e institucionales que se lleven a cabo\u201d, expuso Hern\u00e1ndez Navarro.<\/p>\n<p>Dijo que bajo el lema \u201cUnidos por tu salud, construyendo bienestar\u201d, en la Semana Nacional de Salud P\u00fablica 2025, se promover\u00e1n acciones integrales enfocadas a grupos en general, como personas ind\u00edgenas, con discapacidad, adultas mayores y migrantes; ni\u00f1as, ni\u00f1os y adolescentes; comunidad escolar y trabajadores; l\u00edderes comunitarias, personal de salud, entre otros.<\/p>\n<p>Refiri\u00f3 que para avanzar en la construcci\u00f3n de un futuro m\u00e1s saludable, se abordar\u00e1n factores determinantes de la salud individual y colectiva de la poblaci\u00f3n como es el control de enfermedades; salud materna, infantil y adolescente; salud mental y bienestar, participaci\u00f3n comunitaria y promoci\u00f3n de entornos saludables.<\/p>\n<p>La firma del acuerdo de colaboraci\u00f3n del comit\u00e9 estatal, se llev\u00f3 a cabo en las instalaciones de la Secretar\u00eda de Salud y se cont\u00f3 con la asistencia de Edgar Alfonso Barrera Aguilar, representante de Bienestar Social Federal; el subdelegado m\u00e9dico del ISSSTE, Jorge Iv\u00e1n Alejandro Cortina Beltr\u00e1n; en representaci\u00f3n del IMSS- Bienestar, Mar\u00eda de Jes\u00fas Mart\u00ednez Escobar; en representaci\u00f3n del Sistema DIF Estatal, Sandra Cecilia Castillo Villegas; y como representante de la Universidad Aut\u00f3noma de Tamaulipas, Laura Roxana de los Reyes Nieto.<\/p>\n","protected":false},"excerpt":{"rendered":"<p>Ciudad Victoria, Tamaulipas.-Para coordinar esfuerzos institucionales y garantizar las acciones que se realizar\u00e1n en la Semana Nacional de Salud P\u00fablica 2025, que del 6 al 13 de septiembre se llevar\u00e1 a cabo en territorio nacional, el secretario de Salud, Vicente Joel Hern\u00e1ndez Navarro, instal\u00f3 el Comit\u00e9 Estatal para la Semana Nacional de Salud P\u00fablica. Con [&hellip;]<\/p>\n","protected":false},"author":1,"featured_media":4183,"comment_status":"open","ping_status":"closed","sticky":false,"template":"","format":"standard","meta":{"footnotes":""},"categories":[3],"tags":[],"class_list":["post-4181","post","type-post","status-publish","format-standard","has-post-thumbnail","hentry","category-estatal"],"_links":{"self":[{"href":"https:\/\/dvnoticias.com.mx\/index.php\/wp-json\/wp\/v2\/posts\/4181","targetHints":{"allow":["GET"]}}],"collection":[{"href":"https:\/\/dvnoticias.com.mx\/index.php\/wp-json\/wp\/v2\/posts"}],"about":[{"href":"https:\/\/dvnoticias.com.mx\/index.php\/wp-json\/wp\/v2\/types\/post"}],"author":[{"embeddable":true,"href":"https:\/\/dvnoticias.com.mx\/index.php\/wp-json\/wp\/v2\/users\/1"}],"replies":[{"embeddable":true,"href":"https:\/\/dvnoticias.com.mx\/index.php\/wp-json\/wp\/v2\/comments?post=4181"}],"version-history":[{"count":1,"href":"https:\/\/dvnoticias.com.mx\/index.php\/wp-json\/wp\/v2\/posts\/4181\/revisions"}],"predecessor-version":[{"id":4182,"href":"https:\/\/dvnoticias.com.mx\/index.php\/wp-json\/wp\/v2\/posts\/4181\/revisions\/4182"}],"wp:featuredmedia":[{"embeddable":true,"href":"https:\/\/dvnoticias.com.mx\/index.php\/wp-json\/wp\/v2\/media\/4183"}],"wp:attachment":[{"href":"https:\/\/dvnoticias.com.mx\/index.php\/wp-json\/wp\/v2\/media?parent=4181"}],"wp:term":[{"taxonomy":"category","embeddable":true,"href":"https:\/\/dvnoticias.com.mx\/index.php\/wp-json\/wp\/v2\/categories?post=4181"},{"taxonomy":"post_tag","embeddable":true,"href":"https:\/\/dvnoticias.com.mx\/index.php\/wp-json\/wp\/v2\/tags?post=4181"}],"curies":[{"name":"wp","href":"https:\/\/api.w.org\/{rel}","templated":true}]}}