{"id":4154,"date":"2025-09-01T19:00:53","date_gmt":"2025-09-02T01:00:53","guid":{"rendered":"https:\/\/dvnoticias.com.mx\/?p=4154"},"modified":"2025-09-03T22:01:06","modified_gmt":"2025-09-03T22:01:06","slug":"monica-villarreal-pone-en-marcha-el-ciclo-escolar-2025-2026-en-tampico-refrendando-su-compromiso-con-la-educacion","status":"publish","type":"post","link":"https:\/\/dvnoticias.com.mx\/index.php\/2025\/09\/01\/monica-villarreal-pone-en-marcha-el-ciclo-escolar-2025-2026-en-tampico-refrendando-su-compromiso-con-la-educacion\/","title":{"rendered":"M\u00f3nica Villarreal pone en marcha el ciclo escolar 2025 2026 en Tampico; refrendando su compromiso con la educaci\u00f3n"},"content":{"rendered":"<p>Tampico, Tamaulipas.- Al poner en marcha el ciclo escolar 2025-2026, en la escuela Secundaria General No. 8 \u201cProfesor Rigoberto Castillo Mireles\u201d del sector Tancol, la alcaldesa de Tampico, M\u00f3nica Villarreal Anaya, destac\u00f3 el inter\u00e9s de su administraci\u00f3n por seguir fortaleciendo al sector educativo, mediante la ampliaci\u00f3n a los programas de becas y a trav\u00e9s de la estrecha coordinaci\u00f3n con directivos, docentes, alumnos y padres de familia.<\/p>\n<p>Acompa\u00f1ada del Secretario de Recursos Hidr\u00e1ulicos para el Desarrollo Social de Tamaulipas, Ra\u00fal Quiroga \u00c1lvarez y de la titular del Sistema DIF Tampico, Luz Adriana Villarreal Anaya, la alcaldesa porte\u00f1a subray\u00f3 que hist\u00f3ricamente la educaci\u00f3n en Tampico ha destacado en el contexto estatal y nacional por la calidad de sus docentes y el talento de los estudiantes.<\/p>\n<p>\u201cHoy quiero expresarles que en el gobierno municipal estamos muy comprometidos con la educaci\u00f3n y por ello vamos a destinar cuatro millones de pesos en el programa de becas municipales, para que puedan asistir a sus escuelas; y este apoyo ser\u00e1 un complemento al gran programa impulsado por nuestra Presidenta de la Rep\u00fablica, Dra. Claudia Sheinbaum a trav\u00e9s de la beca universal Rita Zetina\u201d, expres\u00f3.<\/p>\n<p>M\u00f3nica Villarreal anunci\u00f3 tambi\u00e9n, que como parte de la participaci\u00f3n del municipio de Tampico en la organizaci\u00f3n y desarrollo del mundial de f\u00fatbol FIFA 2026, se distribuir\u00e1n 200 boletos entre los mejores promedios de las escuelas de Tampico, para que los alumnos premiados asistan al partido de las leyendas del mundial, a celebrarse en el Estado de Nuevo Le\u00f3n.<\/p>\n<p>Por \u00faltimo, y tras realizar la entrega simb\u00f3lica de los paquetes escolares, enviados por el Gobierno del Estado a los diferentes niveles educativos, Villarreal Anaya, dese\u00f3 a los m\u00e1s de 44 mil alumnos de escuelas p\u00fablicas y privadas de educaci\u00f3n b\u00e1sica en Tampico, un ciclo escolar lleno de \u00e9xitos, aprendizajes y enriquecedoras experiencias.<\/p>\n<p>Por su parte el representante del gobernador, Dr. Am\u00e9rico Villarreal; y titular de la Secretar\u00eda de Recursos Hidr\u00e1ulicos en el Estado, Ra\u00fal Quiroga \u00c1lvarez, expuso que el gobierno de Tamaulipas ha destinado m\u00e1s de 200 millones de pesos a la distribuci\u00f3n complementaria de libros de texto y \u00fatiles escolares, as\u00ed como de uniformes a los alumnos residentes en las regiones rurales de mayor vulnerabilidad.<\/p>\n<p>\u201cEn Tamaulipas queremos una educaci\u00f3n que\u00a0 no solo transmita conocimientos, sino que tambi\u00e9n fomente valores, que ense\u00f1e a los estudiantes a amar su tierra, a comprender su historia y a sentirse orgullosos de sus ra\u00edces, una educaci\u00f3n que contribuya al desarrollo individual y al mismo tiempo fortalezca el tejido familiar y que impulse la transformaci\u00f3n de nuestras comunidades\u201d, expres\u00f3.<\/p>\n<p>Al inicio del ciclo escolar, 2025-2026, asistieron tambi\u00e9n el Profesor Roberto P\u00e9rez Villalobos, Director de plantel anfitri\u00f3n; Adriana Griselda Medina Guzm\u00e1n, representante de la sociedad de Padres de Familia; y la alumna Camila Ximena Villagrana Rangel, que a nombre de la comunidad estudiantil, agradeci\u00f3 a la Presidenta municipal y al Gobernador estatal, el respaldo permanente que brindan a la educaci\u00f3n, y particularmente a la secundaria general, n\u00famero 8.<\/p>\n<p>Estuvieron tambi\u00e9n, s\u00edndicos y regidores del cabildo porte\u00f1o; adem\u00e1s, de funcionarios estatales y municipales; directivos de los diferentes sectores escolares; alumnos del plantel.<\/p>\n","protected":false},"excerpt":{"rendered":"<p>Tampico, Tamaulipas.- Al poner en marcha el ciclo escolar 2025-2026, en la escuela Secundaria General No. 8 \u201cProfesor Rigoberto Castillo Mireles\u201d del sector Tancol, la alcaldesa de Tampico, M\u00f3nica Villarreal Anaya, destac\u00f3 el inter\u00e9s de su administraci\u00f3n por seguir fortaleciendo al sector educativo, mediante la ampliaci\u00f3n a los programas de becas y a trav\u00e9s de [&hellip;]<\/p>\n","protected":false},"author":1,"featured_media":4156,"comment_status":"open","ping_status":"closed","sticky":false,"template":"","format":"standard","meta":{"footnotes":""},"categories":[9],"tags":[],"class_list":["post-4154","post","type-post","status-publish","format-standard","has-post-thumbnail","hentry","category-zona-conurbada-del-sur"],"_links":{"self":[{"href":"https:\/\/dvnoticias.com.mx\/index.php\/wp-json\/wp\/v2\/posts\/4154","targetHints":{"allow":["GET"]}}],"collection":[{"href":"https:\/\/dvnoticias.com.mx\/index.php\/wp-json\/wp\/v2\/posts"}],"about":[{"href":"https:\/\/dvnoticias.com.mx\/index.php\/wp-json\/wp\/v2\/types\/post"}],"author":[{"embeddable":true,"href":"https:\/\/dvnoticias.com.mx\/index.php\/wp-json\/wp\/v2\/users\/1"}],"replies":[{"embeddable":true,"href":"https:\/\/dvnoticias.com.mx\/index.php\/wp-json\/wp\/v2\/comments?post=4154"}],"version-history":[{"count":1,"href":"https:\/\/dvnoticias.com.mx\/index.php\/wp-json\/wp\/v2\/posts\/4154\/revisions"}],"predecessor-version":[{"id":4155,"href":"https:\/\/dvnoticias.com.mx\/index.php\/wp-json\/wp\/v2\/posts\/4154\/revisions\/4155"}],"wp:featuredmedia":[{"embeddable":true,"href":"https:\/\/dvnoticias.com.mx\/index.php\/wp-json\/wp\/v2\/media\/4156"}],"wp:attachment":[{"href":"https:\/\/dvnoticias.com.mx\/index.php\/wp-json\/wp\/v2\/media?parent=4154"}],"wp:term":[{"taxonomy":"category","embeddable":true,"href":"https:\/\/dvnoticias.com.mx\/index.php\/wp-json\/wp\/v2\/categories?post=4154"},{"taxonomy":"post_tag","embeddable":true,"href":"https:\/\/dvnoticias.com.mx\/index.php\/wp-json\/wp\/v2\/tags?post=4154"}],"curies":[{"name":"wp","href":"https:\/\/api.w.org\/{rel}","templated":true}]}}