{"id":4133,"date":"2025-09-01T18:00:53","date_gmt":"2025-09-02T00:00:53","guid":{"rendered":"https:\/\/dvnoticias.com.mx\/?p=4133"},"modified":"2025-09-03T20:22:20","modified_gmt":"2025-09-03T20:22:20","slug":"regresan-a-clases-mas-de-5-mil-500-ninas-y-ninos-en-guarderias-infantiles-caic-y-cecudi-del-dif-tamaulipas","status":"publish","type":"post","link":"https:\/\/dvnoticias.com.mx\/index.php\/2025\/09\/01\/regresan-a-clases-mas-de-5-mil-500-ninas-y-ninos-en-guarderias-infantiles-caic-y-cecudi-del-dif-tamaulipas\/","title":{"rendered":"Regresan a clases m\u00e1s de 5 mil 500 ni\u00f1as y ni\u00f1os en Guarder\u00edas Infantiles, CAIC y CECUDI del DIF Tamaulipas"},"content":{"rendered":"<p>Ciudad Victoria, Tamaulipas.\u2013 Como parte de las actividades del Programa de Atenci\u00f3n a la Infancia del Sistema para el Desarrollo Integral de la Familia de Tamaulipas, que preside la doctora Mar\u00eda de Villarreal, este 1 de septiembre regresaron a clases 5 mil 506 alumnas y alumnos inscritos en el nivel preescolar de las Guarder\u00edas Infantiles, Centros de Atenci\u00f3n Infantil Comunitarios (CAIC) y Centros de Cuidado Diario Infantil (CECUDI), ubicados en 30 municipios del estado.<\/p>\n<p>Actualmente operan en Tamaulipas 163 CAIC distribuidos en 30 municipios; 8 CECUDI en 7 municipios y 29 Guarder\u00edas Infantiles DIF en 13 municipios, donde se brinda atenci\u00f3n profesional a ni\u00f1as y ni\u00f1os desde los 43 d\u00edas de nacidos hasta los 12 a\u00f1os de edad, mediante acciones educativas y asistenciales apegadas a los lineamientos establecidos por la Secretar\u00eda de Educaci\u00f3n P\u00fablica.<\/p>\n<p>Previo al inicio de este ciclo escolar, personal docente y administrativo de estos centros, provenientes de 25 municipios, particip\u00f3 durante tres d\u00edas en la jornada acad\u00e9mica \u201cFortaleciendo la primera infancia, la tarea que nos une\u201d, desarrollada en las instalaciones del CECUDI Victoria, con el prop\u00f3sito de fortalecer ambientes de aprendizaje seguros, enriquecedores y de calidad.<\/p>\n<p>Durante esta jornada se impartieron los talleres: \u201cS\u00edndrome del beb\u00e9 sacudido\u201d, \u201cEstrategias pr\u00e1cticas y efectivas para abordar comportamientos desafiantes en ni\u00f1os con trastorno del espectro autista\u201d, \u201cCuidarme para aprender a cuidarte\u201d, \u201cOrientaciones para las primeras infancias\u201d y \u201cLos procesos previos a la lecto-escritura\u201d.<\/p>\n<p>De esta manera, los Mensajeros de Paz contin\u00faan ofreciendo educaci\u00f3n de calidad y espacios dignos para la ni\u00f1ez tamaulipeca en sus primeros a\u00f1os de vida.<\/p>\n","protected":false},"excerpt":{"rendered":"<p>Ciudad Victoria, Tamaulipas.\u2013 Como parte de las actividades del Programa de Atenci\u00f3n a la Infancia del Sistema para el Desarrollo Integral de la Familia de Tamaulipas, que preside la doctora Mar\u00eda de Villarreal, este 1 de septiembre regresaron a clases 5 mil 506 alumnas y alumnos inscritos en el nivel preescolar de las Guarder\u00edas Infantiles, [&hellip;]<\/p>\n","protected":false},"author":1,"featured_media":4135,"comment_status":"open","ping_status":"closed","sticky":false,"template":"","format":"standard","meta":{"footnotes":""},"categories":[3],"tags":[],"class_list":["post-4133","post","type-post","status-publish","format-standard","has-post-thumbnail","hentry","category-estatal"],"_links":{"self":[{"href":"https:\/\/dvnoticias.com.mx\/index.php\/wp-json\/wp\/v2\/posts\/4133","targetHints":{"allow":["GET"]}}],"collection":[{"href":"https:\/\/dvnoticias.com.mx\/index.php\/wp-json\/wp\/v2\/posts"}],"about":[{"href":"https:\/\/dvnoticias.com.mx\/index.php\/wp-json\/wp\/v2\/types\/post"}],"author":[{"embeddable":true,"href":"https:\/\/dvnoticias.com.mx\/index.php\/wp-json\/wp\/v2\/users\/1"}],"replies":[{"embeddable":true,"href":"https:\/\/dvnoticias.com.mx\/index.php\/wp-json\/wp\/v2\/comments?post=4133"}],"version-history":[{"count":1,"href":"https:\/\/dvnoticias.com.mx\/index.php\/wp-json\/wp\/v2\/posts\/4133\/revisions"}],"predecessor-version":[{"id":4134,"href":"https:\/\/dvnoticias.com.mx\/index.php\/wp-json\/wp\/v2\/posts\/4133\/revisions\/4134"}],"wp:featuredmedia":[{"embeddable":true,"href":"https:\/\/dvnoticias.com.mx\/index.php\/wp-json\/wp\/v2\/media\/4135"}],"wp:attachment":[{"href":"https:\/\/dvnoticias.com.mx\/index.php\/wp-json\/wp\/v2\/media?parent=4133"}],"wp:term":[{"taxonomy":"category","embeddable":true,"href":"https:\/\/dvnoticias.com.mx\/index.php\/wp-json\/wp\/v2\/categories?post=4133"},{"taxonomy":"post_tag","embeddable":true,"href":"https:\/\/dvnoticias.com.mx\/index.php\/wp-json\/wp\/v2\/tags?post=4133"}],"curies":[{"name":"wp","href":"https:\/\/api.w.org\/{rel}","templated":true}]}}