{"id":4100,"date":"2025-08-28T19:00:04","date_gmt":"2025-08-29T01:00:04","guid":{"rendered":"https:\/\/dvnoticias.com.mx\/?p=4100"},"modified":"2025-08-31T01:59:57","modified_gmt":"2025-08-31T01:59:57","slug":"recibe-monica-villarreal-reconocimiento-internacional-por-liderazgo-en-cooperacion-climatica-y-turistica","status":"publish","type":"post","link":"https:\/\/dvnoticias.com.mx\/index.php\/2025\/08\/28\/recibe-monica-villarreal-reconocimiento-internacional-por-liderazgo-en-cooperacion-climatica-y-turistica\/","title":{"rendered":"Recibe M\u00f3nica Villarreal Reconocimiento internacional por liderazgo en cooperaci\u00f3n clim\u00e1tica y tur\u00edstica"},"content":{"rendered":"<p>Tampico, Tamaulipas.- El Ayuntamiento de Tampico, recibi\u00f3 el reconocimiento de la Asociaci\u00f3n Internacional para la Cooperaci\u00f3n Tur\u00edstica (ASICOTUR) por ser pionero en el fortalecimiento de la cooperaci\u00f3n clim\u00e1tica y tur\u00edstica internacional, al liderar el primer Town Hall COP 30 en M\u00e9xico, Centroam\u00e9rica y el Caribe.<\/p>\n<p>La distinci\u00f3n, que ya hab\u00eda sido entregada de manera presencial, fue reafirmada, este d\u00eda a la alcaldesa M\u00f3nica Villarreal durante una sesi\u00f3n a distancia presidida por Alejandro Rub\u00edn Carballo, titular del organismo, donde adem\u00e1s se oficializ\u00f3 la incorporaci\u00f3n de Tampico como nuevo Socio Protector, destacando el liderazgo y compromiso de la ciudad en el impulso de proyectos tur\u00edsticos sostenibles e inclusivos.<\/p>\n<p>Sobre el particular M\u00f3nica Villarreal expres\u00f3 que este reconocimiento refleja el esfuerzo conjunto de la administraci\u00f3n y la sociedad tampique\u00f1a, y asegur\u00f3 que su gobierno seguir\u00e1 fortaleciendo la presencia tur\u00edstica de Tampico en el contexto nacional e internacional.<\/p>\n<p>\u201cEstamos muy contentos porque es la primera vez que Tampico es socio de ASICOTUR, gracias Alejandro, por este reconocimiento; es un gran orgullo para nuestro municipio. Esta administraci\u00f3n tiene el prop\u00f3sito de alinear los objetivos de desarrollo sostenible en nuestra comunidad y en ese sentido somos el primer municipio de Am\u00e9rica Latina, de M\u00e9xico y de Centroam\u00e9rica, que iniciamos los trabajos de la Town Hall COP 30\u201d, expres\u00f3.<\/p>\n<p>La Presidenta municipal explic\u00f3 que a trav\u00e9s de la ASICOTUR el municipio estar\u00e1 en condiciones de adoptar programas de desarrollo tur\u00edstico sustentables e inclusivos, as\u00ed como de implementar modelos de planificaci\u00f3n tur\u00edstica; y sobre todo, estar en condiciones de acceder a fondos de instituciones p\u00fablicas nacionales e internacionales, para desarrollar proyectos tur\u00edsticos.<\/p>\n<p>Rub\u00edn Carballo subray\u00f3 que la administraci\u00f3n de M\u00f3nica Villarreal ha sentado un hist\u00f3rico precedente en el desarrollo municipal, siendo el primer gobierno local en participar de los objetivos y prop\u00f3sitos del organismo, lo que dijo, ampliar\u00e1 la visi\u00f3n tur\u00edstica con enfoque clim\u00e1tico del municipio.<\/p>\n<p>Durante la reuni\u00f3n se present\u00f3 la agenda de actividades internacionales del organismo, entre ellas la conmemoraci\u00f3n del D\u00eda Mundial del Turismo, la participaci\u00f3n en el 76\u00ba Congreso de FEMTEC en Cuba, la Feria Internacional de Turismo (FIT) en Argentina y la Jornada de Cooperaci\u00f3n Tur\u00edstica con Entrega de Reconocimientos Internacionales en Galicia, Espa\u00f1a, programada para diciembre del presente a\u00f1o.<\/p>\n","protected":false},"excerpt":{"rendered":"<p>Tampico, Tamaulipas.- El Ayuntamiento de Tampico, recibi\u00f3 el reconocimiento de la Asociaci\u00f3n Internacional para la Cooperaci\u00f3n Tur\u00edstica (ASICOTUR) por ser pionero en el fortalecimiento de la cooperaci\u00f3n clim\u00e1tica y tur\u00edstica internacional, al liderar el primer Town Hall COP 30 en M\u00e9xico, Centroam\u00e9rica y el Caribe. La distinci\u00f3n, que ya hab\u00eda sido entregada de manera presencial, [&hellip;]<\/p>\n","protected":false},"author":1,"featured_media":4102,"comment_status":"open","ping_status":"closed","sticky":false,"template":"","format":"standard","meta":{"footnotes":""},"categories":[9],"tags":[],"class_list":["post-4100","post","type-post","status-publish","format-standard","has-post-thumbnail","hentry","category-zona-conurbada-del-sur"],"_links":{"self":[{"href":"https:\/\/dvnoticias.com.mx\/index.php\/wp-json\/wp\/v2\/posts\/4100","targetHints":{"allow":["GET"]}}],"collection":[{"href":"https:\/\/dvnoticias.com.mx\/index.php\/wp-json\/wp\/v2\/posts"}],"about":[{"href":"https:\/\/dvnoticias.com.mx\/index.php\/wp-json\/wp\/v2\/types\/post"}],"author":[{"embeddable":true,"href":"https:\/\/dvnoticias.com.mx\/index.php\/wp-json\/wp\/v2\/users\/1"}],"replies":[{"embeddable":true,"href":"https:\/\/dvnoticias.com.mx\/index.php\/wp-json\/wp\/v2\/comments?post=4100"}],"version-history":[{"count":1,"href":"https:\/\/dvnoticias.com.mx\/index.php\/wp-json\/wp\/v2\/posts\/4100\/revisions"}],"predecessor-version":[{"id":4101,"href":"https:\/\/dvnoticias.com.mx\/index.php\/wp-json\/wp\/v2\/posts\/4100\/revisions\/4101"}],"wp:featuredmedia":[{"embeddable":true,"href":"https:\/\/dvnoticias.com.mx\/index.php\/wp-json\/wp\/v2\/media\/4102"}],"wp:attachment":[{"href":"https:\/\/dvnoticias.com.mx\/index.php\/wp-json\/wp\/v2\/media?parent=4100"}],"wp:term":[{"taxonomy":"category","embeddable":true,"href":"https:\/\/dvnoticias.com.mx\/index.php\/wp-json\/wp\/v2\/categories?post=4100"},{"taxonomy":"post_tag","embeddable":true,"href":"https:\/\/dvnoticias.com.mx\/index.php\/wp-json\/wp\/v2\/tags?post=4100"}],"curies":[{"name":"wp","href":"https:\/\/api.w.org\/{rel}","templated":true}]}}