{"id":4062,"date":"2025-08-26T18:00:44","date_gmt":"2025-08-27T00:00:44","guid":{"rendered":"https:\/\/dvnoticias.com.mx\/?p=4062"},"modified":"2025-08-31T01:34:06","modified_gmt":"2025-08-31T01:34:06","slug":"garantiza-dif-tamaulipas-desayunos-escolares-para-mas-de-105-mil-alumnos-en-el-nuevo-ciclo","status":"publish","type":"post","link":"https:\/\/dvnoticias.com.mx\/index.php\/2025\/08\/26\/garantiza-dif-tamaulipas-desayunos-escolares-para-mas-de-105-mil-alumnos-en-el-nuevo-ciclo\/","title":{"rendered":"Garantiza DIF Tamaulipas desayunos escolares para m\u00e1s de 105 mil alumnos en el nuevo ciclo"},"content":{"rendered":"<p>Ciudad Victoria, Tamaulipas.- El Sistema para el Desarrollo Integral de la Familia de Tamaulipas, que preside la doctora Mar\u00eda de Villarreal, garantiz\u00f3 la continuidad del programa Desayunos Escolares, con el cual se beneficiar\u00e1 a 105 mil 867 ni\u00f1as, ni\u00f1os y adolescentes de educaci\u00f3n b\u00e1sica en el ciclo escolar 2025-2026 que inicia el pr\u00f3ximo 1 de septiembre.<\/p>\n<p>A trav\u00e9s de este programa, se distribuir\u00e1n 2 millones 117 mil 340 raciones alimentarias en 2 mil 428 planteles educativos de Tamaulipas, ubicados en zonas rurales y urbanas de alto y muy alto grado de marginaci\u00f3n o rezago social, con desnutrici\u00f3n o con ingreso promedio familiar menor a la L\u00ednea de Pobreza por Ingresos del Consejo Nacional de Evaluaci\u00f3n de la Pol\u00edtica de Desarrollo Social (CONEVAL).<\/p>\n<p>Adem\u00e1s, se dar\u00e1 seguimiento a la estrategia federal \u201cVive Saludable, Vive Feliz\u201d, orientada a promover h\u00e1bitos que fortalezcan el bienestar y la salud infantil desde la escuela, mediante la participaci\u00f3n interinstitucional de dependencias de los tres \u00f3rdenes de gobierno.<\/p>\n<p>\u201cEstamos avanzando en la segunda y tercera fase de esta estrategia que, junto con nuestra presidenta de M\u00e9xico, la doctora Claudia Sheinbaum, nuestro gobernador, el doctor Am\u00e9rico Villarreal Anaya, y la doctora Mar\u00eda de Villarreal, impulsa acciones fundamentales para que los ni\u00f1os crezcan sanos. Incluye pr\u00e1cticas importantes como la salud bucal y visual, entre otras\u201d, se\u00f1al\u00f3 Patricia Lara Ayala, directora general del DIF Tamaulipas.<\/p>\n<p>La funcionaria subray\u00f3 la participaci\u00f3n activa de madres y padres de familia, quienes integran los Comit\u00e9s de Desayunos Escolares y colaboran diariamente en la preparaci\u00f3n de los alimentos.<\/p>\n<p>Asimismo, reconoci\u00f3 el respaldo de maestros y personal de apoyo, cuyo compromiso es clave para que cada vez m\u00e1s alumnas y alumnos en Tamaulipas cuenten con una mejor nutrici\u00f3n y oportunidades para su desarrollo acad\u00e9mico.<\/p>\n","protected":false},"excerpt":{"rendered":"<p>Ciudad Victoria, Tamaulipas.- El Sistema para el Desarrollo Integral de la Familia de Tamaulipas, que preside la doctora Mar\u00eda de Villarreal, garantiz\u00f3 la continuidad del programa Desayunos Escolares, con el cual se beneficiar\u00e1 a 105 mil 867 ni\u00f1as, ni\u00f1os y adolescentes de educaci\u00f3n b\u00e1sica en el ciclo escolar 2025-2026 que inicia el pr\u00f3ximo 1 de [&hellip;]<\/p>\n","protected":false},"author":1,"featured_media":4064,"comment_status":"open","ping_status":"closed","sticky":false,"template":"","format":"standard","meta":{"footnotes":""},"categories":[3],"tags":[],"class_list":["post-4062","post","type-post","status-publish","format-standard","has-post-thumbnail","hentry","category-estatal"],"_links":{"self":[{"href":"https:\/\/dvnoticias.com.mx\/index.php\/wp-json\/wp\/v2\/posts\/4062","targetHints":{"allow":["GET"]}}],"collection":[{"href":"https:\/\/dvnoticias.com.mx\/index.php\/wp-json\/wp\/v2\/posts"}],"about":[{"href":"https:\/\/dvnoticias.com.mx\/index.php\/wp-json\/wp\/v2\/types\/post"}],"author":[{"embeddable":true,"href":"https:\/\/dvnoticias.com.mx\/index.php\/wp-json\/wp\/v2\/users\/1"}],"replies":[{"embeddable":true,"href":"https:\/\/dvnoticias.com.mx\/index.php\/wp-json\/wp\/v2\/comments?post=4062"}],"version-history":[{"count":1,"href":"https:\/\/dvnoticias.com.mx\/index.php\/wp-json\/wp\/v2\/posts\/4062\/revisions"}],"predecessor-version":[{"id":4063,"href":"https:\/\/dvnoticias.com.mx\/index.php\/wp-json\/wp\/v2\/posts\/4062\/revisions\/4063"}],"wp:featuredmedia":[{"embeddable":true,"href":"https:\/\/dvnoticias.com.mx\/index.php\/wp-json\/wp\/v2\/media\/4064"}],"wp:attachment":[{"href":"https:\/\/dvnoticias.com.mx\/index.php\/wp-json\/wp\/v2\/media?parent=4062"}],"wp:term":[{"taxonomy":"category","embeddable":true,"href":"https:\/\/dvnoticias.com.mx\/index.php\/wp-json\/wp\/v2\/categories?post=4062"},{"taxonomy":"post_tag","embeddable":true,"href":"https:\/\/dvnoticias.com.mx\/index.php\/wp-json\/wp\/v2\/tags?post=4062"}],"curies":[{"name":"wp","href":"https:\/\/api.w.org\/{rel}","templated":true}]}}