{"id":4021,"date":"2025-08-22T18:00:56","date_gmt":"2025-08-23T00:00:56","guid":{"rendered":"https:\/\/dvnoticias.com.mx\/?p=4021"},"modified":"2025-08-26T21:34:21","modified_gmt":"2025-08-26T21:34:21","slug":"erasmo-gonzalez-hace-reconocimiento-en-su-dia-a-los-bomberos","status":"publish","type":"post","link":"https:\/\/dvnoticias.com.mx\/index.php\/2025\/08\/22\/erasmo-gonzalez-hace-reconocimiento-en-su-dia-a-los-bomberos\/","title":{"rendered":"Erasmo Gonz\u00e1lez hace reconocimiento en su d\u00eda a los Bomberos"},"content":{"rendered":"<p>Cd. Madero, Tamaulipas.- En el marco del D\u00eda Nacional del Bombero, el Presidente municipal, Erasmo Gonz\u00e1lez Robledo reconoci\u00f3 la heroica labor que realiza la corporaci\u00f3n para proteger la seguridad y el patrimonio de los maderenses.<\/p>\n<p>En una sencilla pero significativa ceremonia, efectuada en las instalaciones de la dependencia, el Jefe de la comuna destac\u00f3 el esfuerzo, valor y compromiso de los bomberos para responder a cualquier emergencia, por lo que asegur\u00f3 que su administraci\u00f3n continuar\u00e1\u00a0 fortaleciendo la infraestructura, equipamiento y capacitaci\u00f3n continua de los elementos.<\/p>\n<p>\u201cVamos a seguirnos preparando y a seguirnos capacitando, quiero felicitarlos tambi\u00e9n, no solamente por los rescates y todo lo que hacen en atenci\u00f3n a emergencias en todos los sentidos, sino tambi\u00e9n por los simulacros que realizan, porque la prevenci\u00f3n es muy importante, la capacitaci\u00f3n y sobre todo la participaci\u00f3n en simulacros\u201d, expres\u00f3 ante los elementos.<\/p>\n<p>Acompa\u00f1ado por el Secretario del Ayuntamiento, H\u00e9ctor Mar\u00edn Rodr\u00edguez, y por el director de Protecci\u00f3n Civil, Ricardo Aguirre Mart\u00ednez, el jefe edilicio entreg\u00f3 reconocimientos a Jes\u00fas del \u00c1ngel Pati\u00f1o por 40 a\u00f1os de servicio, Aniceto Delgadillo G\u00e1mez, por 30 a\u00f1os y quien adem\u00e1s forma parte de una familia que ha dedicado su vida a esta corporaci\u00f3n; as\u00ed como a Francisco Javier Salda\u00f1a G\u00e1mez por 26 a\u00f1os de servicio; Eduardo Arturo P\u00e9rez Castro y Andr\u00e9s Cruz Mart\u00ednez por 20 a\u00f1os y Fortino Castillo M\u00e9ndez por 19 a\u00f1os de servicio.<\/p>\n<p>Gonz\u00e1lez Robledo resalt\u00f3 el esp\u00edritu de servicio que brindan los bomberos a las familias maderenses y reconoci\u00f3 la lealtad a la instituci\u00f3n.<\/p>\n<p>\u201cAgradezco a quienes han pasado su vida apoyando y salvaguardando la ciudad y tambi\u00e9n un reconocimiento a quienes son voluntarios. Muchas gracias a todos\u201d, puntualiz\u00f3.<\/p>\n","protected":false},"excerpt":{"rendered":"<p>Cd. Madero, Tamaulipas.- En el marco del D\u00eda Nacional del Bombero, el Presidente municipal, Erasmo Gonz\u00e1lez Robledo reconoci\u00f3 la heroica labor que realiza la corporaci\u00f3n para proteger la seguridad y el patrimonio de los maderenses. En una sencilla pero significativa ceremonia, efectuada en las instalaciones de la dependencia, el Jefe de la comuna destac\u00f3 el [&hellip;]<\/p>\n","protected":false},"author":1,"featured_media":4023,"comment_status":"open","ping_status":"closed","sticky":false,"template":"","format":"standard","meta":{"footnotes":""},"categories":[9],"tags":[],"class_list":["post-4021","post","type-post","status-publish","format-standard","has-post-thumbnail","hentry","category-zona-conurbada-del-sur"],"_links":{"self":[{"href":"https:\/\/dvnoticias.com.mx\/index.php\/wp-json\/wp\/v2\/posts\/4021","targetHints":{"allow":["GET"]}}],"collection":[{"href":"https:\/\/dvnoticias.com.mx\/index.php\/wp-json\/wp\/v2\/posts"}],"about":[{"href":"https:\/\/dvnoticias.com.mx\/index.php\/wp-json\/wp\/v2\/types\/post"}],"author":[{"embeddable":true,"href":"https:\/\/dvnoticias.com.mx\/index.php\/wp-json\/wp\/v2\/users\/1"}],"replies":[{"embeddable":true,"href":"https:\/\/dvnoticias.com.mx\/index.php\/wp-json\/wp\/v2\/comments?post=4021"}],"version-history":[{"count":1,"href":"https:\/\/dvnoticias.com.mx\/index.php\/wp-json\/wp\/v2\/posts\/4021\/revisions"}],"predecessor-version":[{"id":4022,"href":"https:\/\/dvnoticias.com.mx\/index.php\/wp-json\/wp\/v2\/posts\/4021\/revisions\/4022"}],"wp:featuredmedia":[{"embeddable":true,"href":"https:\/\/dvnoticias.com.mx\/index.php\/wp-json\/wp\/v2\/media\/4023"}],"wp:attachment":[{"href":"https:\/\/dvnoticias.com.mx\/index.php\/wp-json\/wp\/v2\/media?parent=4021"}],"wp:term":[{"taxonomy":"category","embeddable":true,"href":"https:\/\/dvnoticias.com.mx\/index.php\/wp-json\/wp\/v2\/categories?post=4021"},{"taxonomy":"post_tag","embeddable":true,"href":"https:\/\/dvnoticias.com.mx\/index.php\/wp-json\/wp\/v2\/tags?post=4021"}],"curies":[{"name":"wp","href":"https:\/\/api.w.org\/{rel}","templated":true}]}}