{"id":3985,"date":"2025-08-20T19:00:01","date_gmt":"2025-08-21T01:00:01","guid":{"rendered":"https:\/\/dvnoticias.com.mx\/?p=3985"},"modified":"2025-08-26T18:50:39","modified_gmt":"2025-08-26T18:50:39","slug":"anuncia-monica-villarreal-segunda-copa-teleton-a-celebrarse-en-tampico","status":"publish","type":"post","link":"https:\/\/dvnoticias.com.mx\/index.php\/2025\/08\/20\/anuncia-monica-villarreal-segunda-copa-teleton-a-celebrarse-en-tampico\/","title":{"rendered":"Anuncia M\u00f3nica Villarreal Segunda Copa Telet\u00f3n a Celebrarse en Tampico"},"content":{"rendered":"<p>Tampico, Tamaulipas.- Con el objetivo de fortalecer la inclusi\u00f3n y promover el deporte como una herramienta de integraci\u00f3n social, la Presidenta municipal M\u00f3nica Villarreal anunci\u00f3 la realizaci\u00f3n de la Segunda Copa Telet\u00f3n, a celebrarse los d\u00edas 19, 20 y 21 de septiembre en la Ciudad Deportiva de Tampico.<\/p>\n<p>Villarreal Anaya, acompa\u00f1ada de la subdirectora de Alianzas Estrat\u00e9gicas del CRIT Tamaulipas, Flor Esther Pulido M\u00e9ndez; y del Secretario de Deportes de Tampico, Fernando Tamayo Medina; as\u00ed como por el productor del canal deportivo Dx3, Leonardo Echavarr\u00eda, destac\u00f3 que este torneo es una muestra del compromiso de su administraci\u00f3n para construir un municipio m\u00e1s justo, incluyente y con oportunidades para todas y todos.<\/p>\n<p>\u201cSomos una administraci\u00f3n comprometida con la inclusi\u00f3n y el deporte como factor de uni\u00f3n. Este torneo refleja el esfuerzo conjunto para que las personas con discapacidad y la ni\u00f1ez y juventud tampique\u00f1a tengan espacios dignos y seguros donde puedan desarrollarse plenamente. Nos da mucho gusto participar en coordinaci\u00f3n con el Telet\u00f3n, poder ofrecer estas instalaciones que son dignas de cualquier competencia local, nacional o internacional, y nos agrada much\u00edsimo poder participar\u201d.<\/p>\n<p>La Segunda Copa Telet\u00f3n es un evento deportivo que forma parte de la iniciativa Telet\u00f3n, cuyo objetivo es recaudar fondos para apoyar a ni\u00f1os y adolescentes con discapacidad, autismo y c\u00e1ncer, y en esta ocasi\u00f3n el municipio de Tampico ser\u00e1 sede de este gran evento con causa.<\/p>\n<p>La justa deportiva, contar\u00e1 con categor\u00edas desde los 7 hasta los 20 a\u00f1os de edad, as\u00ed como una liga femenil libre, invitando a mujeres y j\u00f3venes a integrarse al torneo.<\/p>\n<p>M\u00f3nica Villarreal subray\u00f3 que en la Ciudad Deportiva los participantes encontrar\u00e1n instalaciones modernas, seguras y c\u00f3modas para el desarrollo del certamen y asegur\u00f3 que el evento ser\u00e1 exitoso para seguir construyendo juntos nuevos espacios destinados a la atenci\u00f3n de la ni\u00f1ez vulnerable.<\/p>\n","protected":false},"excerpt":{"rendered":"<p>Tampico, Tamaulipas.- Con el objetivo de fortalecer la inclusi\u00f3n y promover el deporte como una herramienta de integraci\u00f3n social, la Presidenta municipal M\u00f3nica Villarreal anunci\u00f3 la realizaci\u00f3n de la Segunda Copa Telet\u00f3n, a celebrarse los d\u00edas 19, 20 y 21 de septiembre en la Ciudad Deportiva de Tampico. Villarreal Anaya, acompa\u00f1ada de la subdirectora de [&hellip;]<\/p>\n","protected":false},"author":1,"featured_media":3987,"comment_status":"open","ping_status":"closed","sticky":false,"template":"","format":"standard","meta":{"footnotes":""},"categories":[9],"tags":[],"class_list":["post-3985","post","type-post","status-publish","format-standard","has-post-thumbnail","hentry","category-zona-conurbada-del-sur"],"_links":{"self":[{"href":"https:\/\/dvnoticias.com.mx\/index.php\/wp-json\/wp\/v2\/posts\/3985","targetHints":{"allow":["GET"]}}],"collection":[{"href":"https:\/\/dvnoticias.com.mx\/index.php\/wp-json\/wp\/v2\/posts"}],"about":[{"href":"https:\/\/dvnoticias.com.mx\/index.php\/wp-json\/wp\/v2\/types\/post"}],"author":[{"embeddable":true,"href":"https:\/\/dvnoticias.com.mx\/index.php\/wp-json\/wp\/v2\/users\/1"}],"replies":[{"embeddable":true,"href":"https:\/\/dvnoticias.com.mx\/index.php\/wp-json\/wp\/v2\/comments?post=3985"}],"version-history":[{"count":1,"href":"https:\/\/dvnoticias.com.mx\/index.php\/wp-json\/wp\/v2\/posts\/3985\/revisions"}],"predecessor-version":[{"id":3986,"href":"https:\/\/dvnoticias.com.mx\/index.php\/wp-json\/wp\/v2\/posts\/3985\/revisions\/3986"}],"wp:featuredmedia":[{"embeddable":true,"href":"https:\/\/dvnoticias.com.mx\/index.php\/wp-json\/wp\/v2\/media\/3987"}],"wp:attachment":[{"href":"https:\/\/dvnoticias.com.mx\/index.php\/wp-json\/wp\/v2\/media?parent=3985"}],"wp:term":[{"taxonomy":"category","embeddable":true,"href":"https:\/\/dvnoticias.com.mx\/index.php\/wp-json\/wp\/v2\/categories?post=3985"},{"taxonomy":"post_tag","embeddable":true,"href":"https:\/\/dvnoticias.com.mx\/index.php\/wp-json\/wp\/v2\/tags?post=3985"}],"curies":[{"name":"wp","href":"https:\/\/api.w.org\/{rel}","templated":true}]}}