{"id":3958,"date":"2025-08-19T19:32:11","date_gmt":"2025-08-20T01:32:11","guid":{"rendered":"https:\/\/dvnoticias.com.mx\/?p=3958"},"modified":"2025-08-20T01:32:14","modified_gmt":"2025-08-20T01:32:14","slug":"dif-victoria-se-suma-al-boteo-del-teleton-2025","status":"publish","type":"post","link":"https:\/\/dvnoticias.com.mx\/index.php\/2025\/08\/19\/dif-victoria-se-suma-al-boteo-del-teleton-2025\/","title":{"rendered":"DIF Victoria se suma al boteo del Telet\u00f3n 2025"},"content":{"rendered":"<p>Ciudad Victoria, Tamaulipas.- El Sistema DIF Victoria, encabezado por su Presidenta, Lucy de Gatt\u00e1s, atendi\u00f3 la invitaci\u00f3n del DIF Tamaulipas y su Presidenta, la Dra. Mar\u00eda de Villarreal, para sumarse al boteo anual de recaudaci\u00f3n del Telet\u00f3n M\u00e9xico, que se llevar\u00e1 a cabo del 8 de julio al 11 de octubre, con el objetivo de apoyar a la Fundaci\u00f3n Telet\u00f3n M\u00e9xico, A.C.<\/p>\n<p>Como parte de las acciones de arranque, la Presidenta del DIF Victoria, acompa\u00f1ada del Voluntariado, visit\u00f3 la reuni\u00f3n semanal de trabajo del Gabinete del Gobierno Municipal de<\/p>\n<p>Victoria, donde se encontraba presente el Alcalde Eduardo Gatt\u00e1s.<\/p>\n<p>Durante este encuentro, los funcionarios municipales respondieron de manera muy favorable, participando en el boteo y reafirmando su compromiso con las causas sociales.<\/p>\n<p>Asimismo, el voluntariado del DIF Victoria emprender\u00e1 diversas acciones para invitar a la ciudadan\u00eda a sumarse a esta campa\u00f1a, promoviendo la solidaridad y el apoyo a las ni\u00f1as, ni\u00f1os y adolescentes que forman parte de la atenci\u00f3n que brinda la Fundaci\u00f3n Telet\u00f3n M\u00e9xico.<\/p>\n<p>La Presidenta Lucy de Gatt\u00e1s destac\u00f3 que esta suma de voluntades refleja la generosidad de la comunidad victorense, y se encuentra muy feliz de poder participar en estas causas que brindan apoyo a quienes m\u00e1s lo necesitan.<\/p>\n","protected":false},"excerpt":{"rendered":"<p>Ciudad Victoria, Tamaulipas.- El Sistema DIF Victoria, encabezado por su Presidenta, Lucy de Gatt\u00e1s, atendi\u00f3 la invitaci\u00f3n del DIF Tamaulipas y su Presidenta, la Dra. Mar\u00eda de Villarreal, para sumarse al boteo anual de recaudaci\u00f3n del Telet\u00f3n M\u00e9xico, que se llevar\u00e1 a cabo del 8 de julio al 11 de octubre, con el objetivo de [&hellip;]<\/p>\n","protected":false},"author":1,"featured_media":3960,"comment_status":"open","ping_status":"closed","sticky":false,"template":"","format":"standard","meta":{"footnotes":""},"categories":[2],"tags":[],"class_list":["post-3958","post","type-post","status-publish","format-standard","has-post-thumbnail","hentry","category-local"],"_links":{"self":[{"href":"https:\/\/dvnoticias.com.mx\/index.php\/wp-json\/wp\/v2\/posts\/3958","targetHints":{"allow":["GET"]}}],"collection":[{"href":"https:\/\/dvnoticias.com.mx\/index.php\/wp-json\/wp\/v2\/posts"}],"about":[{"href":"https:\/\/dvnoticias.com.mx\/index.php\/wp-json\/wp\/v2\/types\/post"}],"author":[{"embeddable":true,"href":"https:\/\/dvnoticias.com.mx\/index.php\/wp-json\/wp\/v2\/users\/1"}],"replies":[{"embeddable":true,"href":"https:\/\/dvnoticias.com.mx\/index.php\/wp-json\/wp\/v2\/comments?post=3958"}],"version-history":[{"count":1,"href":"https:\/\/dvnoticias.com.mx\/index.php\/wp-json\/wp\/v2\/posts\/3958\/revisions"}],"predecessor-version":[{"id":3959,"href":"https:\/\/dvnoticias.com.mx\/index.php\/wp-json\/wp\/v2\/posts\/3958\/revisions\/3959"}],"wp:featuredmedia":[{"embeddable":true,"href":"https:\/\/dvnoticias.com.mx\/index.php\/wp-json\/wp\/v2\/media\/3960"}],"wp:attachment":[{"href":"https:\/\/dvnoticias.com.mx\/index.php\/wp-json\/wp\/v2\/media?parent=3958"}],"wp:term":[{"taxonomy":"category","embeddable":true,"href":"https:\/\/dvnoticias.com.mx\/index.php\/wp-json\/wp\/v2\/categories?post=3958"},{"taxonomy":"post_tag","embeddable":true,"href":"https:\/\/dvnoticias.com.mx\/index.php\/wp-json\/wp\/v2\/tags?post=3958"}],"curies":[{"name":"wp","href":"https:\/\/api.w.org\/{rel}","templated":true}]}}