{"id":3940,"date":"2025-08-16T19:00:24","date_gmt":"2025-08-17T01:00:24","guid":{"rendered":"https:\/\/dvnoticias.com.mx\/?p=3940"},"modified":"2025-08-20T00:51:42","modified_gmt":"2025-08-20T00:51:42","slug":"dunia-y-erasmo-refrendan-compromiso-con-las-ninas-ninos-y-jovenes-con-discapacidad","status":"publish","type":"post","link":"https:\/\/dvnoticias.com.mx\/index.php\/2025\/08\/16\/dunia-y-erasmo-refrendan-compromiso-con-las-ninas-ninos-y-jovenes-con-discapacidad\/","title":{"rendered":"Dunia y Erasmo refrendan compromiso con las ni\u00f1as, ni\u00f1os y j\u00f3venes con discapacidad"},"content":{"rendered":"<p>Cd. Madero, Tamaulipas.- En el DIF Ciudad Madero, promovemos una sociedad en la que cada persona tenga un espacio digno y accesible; la convivencia en la Playa Incluyente nos recuerda que la diversidad es una fuente de enriquecimiento y que, trabajando juntos, podemos forjar un futuro con mayores oportunidades, expres\u00f3 la presidenta del sistema DIF, Lic. Dunia Mar\u00f3n Acu\u00f1a, durante un emotivo evento junto al presidente municipal Erasmo Gonz\u00e1lez Robledo, en el que participaron ni\u00f1as, ni\u00f1os y adolescentes muy especiales.<\/p>\n<p>En un ambiente de alegr\u00eda, integraci\u00f3n y recreaci\u00f3n, ni\u00f1as, ni\u00f1os y j\u00f3venes con discapacidad que participaron en el Campamento de Verano Inclusivo 2025 del Sistema DIF Ciudad Madero, disfrutaron este s\u00e1bado de una convivencia especial en la Playa Incluyente de Miramar, acompa\u00f1ados de sus familias.<\/p>\n<p>Esta actividad recreativa propuesta y comprometida por el presidente municipal, Erasmo Gonz\u00e1lez Robledo al concluir el campamento de verano, como una extensi\u00f3n del aprendizaje y la diversi\u00f3n para los menores y sus familias. Hoy, dicho compromiso se cumpli\u00f3 en un marco de inclusi\u00f3n y respeto de la mano de la presidenta del Sistema DIF Ciudad Madero, Lic. Dunia Mar\u00f3n Acu\u00f1a.<\/p>\n<p>\u201cLa inclusi\u00f3n no puede quedarse en un discurso, debe vivirse en cada acci\u00f3n. Por eso nos propusimos llevar a las familias del Campamento de Verano a la Playa Incluyente, porque aqu\u00ed se demuestra que Madero es una ciudad que abre espacios para todos y todas\u201d, expres\u00f3 el presidente municipal, Erasmo Gonz\u00e1lez Robledo.<\/p>\n<p>Durante la jornada, los asistentes participaron en din\u00e1micas con t\u00edteres, cantos y cuentos sobre el cuidado del oc\u00e9ano, as\u00ed como talleres de manualidades con materiales reciclados, juegos gigantes, esculturas en arena y espacios de lectura y pintura.<\/p>\n<p>M\u00e1s de 60 ni\u00f1as, ni\u00f1os y j\u00f3venes muy especiales para el sistema DIF y Gobierno Municipal, con diferentes tipos de discapacidad entre ellas par\u00e1lisis cerebral infantil, discapacidad motriz, d\u00e9ficit intelectual, s\u00edndrome de Down y autismo, participaron en esta experiencia dise\u00f1ada para fomentar la integraci\u00f3n y la recreaci\u00f3n en un espacio accesible y seguro como lo es la Playa Incluyente, ubicada en el acceso tres de Playa Miramar.<\/p>\n<p>.Con este evento, el Sistema DIF Ciudad Madero refrenda su compromiso con la inclusi\u00f3n y el bienestar de las familias maderenses, iluminando con acciones concretas el camino hacia una sociedad m\u00e1s justa y solidaria.<\/p>\n","protected":false},"excerpt":{"rendered":"<p>Cd. Madero, Tamaulipas.- En el DIF Ciudad Madero, promovemos una sociedad en la que cada persona tenga un espacio digno y accesible; la convivencia en la Playa Incluyente nos recuerda que la diversidad es una fuente de enriquecimiento y que, trabajando juntos, podemos forjar un futuro con mayores oportunidades, expres\u00f3 la presidenta del sistema DIF, [&hellip;]<\/p>\n","protected":false},"author":1,"featured_media":3942,"comment_status":"open","ping_status":"closed","sticky":false,"template":"","format":"standard","meta":{"footnotes":""},"categories":[9],"tags":[],"class_list":["post-3940","post","type-post","status-publish","format-standard","has-post-thumbnail","hentry","category-zona-conurbada-del-sur"],"_links":{"self":[{"href":"https:\/\/dvnoticias.com.mx\/index.php\/wp-json\/wp\/v2\/posts\/3940","targetHints":{"allow":["GET"]}}],"collection":[{"href":"https:\/\/dvnoticias.com.mx\/index.php\/wp-json\/wp\/v2\/posts"}],"about":[{"href":"https:\/\/dvnoticias.com.mx\/index.php\/wp-json\/wp\/v2\/types\/post"}],"author":[{"embeddable":true,"href":"https:\/\/dvnoticias.com.mx\/index.php\/wp-json\/wp\/v2\/users\/1"}],"replies":[{"embeddable":true,"href":"https:\/\/dvnoticias.com.mx\/index.php\/wp-json\/wp\/v2\/comments?post=3940"}],"version-history":[{"count":1,"href":"https:\/\/dvnoticias.com.mx\/index.php\/wp-json\/wp\/v2\/posts\/3940\/revisions"}],"predecessor-version":[{"id":3941,"href":"https:\/\/dvnoticias.com.mx\/index.php\/wp-json\/wp\/v2\/posts\/3940\/revisions\/3941"}],"wp:featuredmedia":[{"embeddable":true,"href":"https:\/\/dvnoticias.com.mx\/index.php\/wp-json\/wp\/v2\/media\/3942"}],"wp:attachment":[{"href":"https:\/\/dvnoticias.com.mx\/index.php\/wp-json\/wp\/v2\/media?parent=3940"}],"wp:term":[{"taxonomy":"category","embeddable":true,"href":"https:\/\/dvnoticias.com.mx\/index.php\/wp-json\/wp\/v2\/categories?post=3940"},{"taxonomy":"post_tag","embeddable":true,"href":"https:\/\/dvnoticias.com.mx\/index.php\/wp-json\/wp\/v2\/tags?post=3940"}],"curies":[{"name":"wp","href":"https:\/\/api.w.org\/{rel}","templated":true}]}}