{"id":3937,"date":"2025-08-14T19:00:44","date_gmt":"2025-08-15T01:00:44","guid":{"rendered":"https:\/\/dvnoticias.com.mx\/?p=3937"},"modified":"2025-08-20T00:49:10","modified_gmt":"2025-08-20T00:49:10","slug":"rutas-magicas-del-color-llega-al-mercado-18-de-marzo-de-ciudad-madero","status":"publish","type":"post","link":"https:\/\/dvnoticias.com.mx\/index.php\/2025\/08\/14\/rutas-magicas-del-color-llega-al-mercado-18-de-marzo-de-ciudad-madero\/","title":{"rendered":"\u201cRutas M\u00e1gicas del Color\u201d llega al Mercado 18 de Marzo de Ciudad Madero"},"content":{"rendered":"<p>Cd. Madero, Tamaulipas.- Con el objetivo de embellecer la imagen urbana y promover el turismo, se han comenzado los trabajos de pintura en la fachada del mercado \u201c18 de Marzo\u201d; en este espacio se crear\u00e1 un mural art\u00edstico que incorporar\u00e1 elementos representativos de Ciudad Madero. Esta iniciativa se suma para transformar otros lugares p\u00fablicos, como los desniveles del puente \u201cCallej\u00f3n de Barriles\u201d, barda de la escuela primaria Emiliano Zapata y diversos puntos emblem\u00e1ticos de la playa Miramar.<\/p>\n<p>El presidente municipal Erasmo Gonz\u00e1lez Robledo destac\u00f3 que el inmueble p\u00fablico ha sido elegido un punto de inter\u00e9s tur\u00edstico dentro de un programa destinado a mejorar sus condiciones y aumentar la afluencia de consumidores en este centro de abasto. Para ello, se han establecido una serie de acuerdos con los locatarios con el fin de implementar un programa integral de mejoras en el espacio.<\/p>\n<p>El Gobierno Municipal impulsa estas iniciativas en colaboraci\u00f3n con la Asociaci\u00f3n Civil \u201cCoraz\u00f3n Urbano\u201d, con el objetivo de revitalizar espacios p\u00fablicos a trav\u00e9s de intervenciones art\u00edsticas en fachadas. Esta estrategia no solo busca embellecer la ciudad, sino tambi\u00e9n fomentar el turismo y fortalecer el sentido de pertenencia entre los habitantes.<\/p>\n<p>Es importante destacar que el programa \u201cRutas M\u00e1gicas del Color\u201d ha llevado a cabo intervenciones en varios puntos de la ciudad, incluyendo la barda de la Escuela Primaria \u201cEmiliano Zapata\u201d, situada en la avenida Tamaulipas, as\u00ed como en la parte inferior del puente vehicular que conecta la avenida Tamaulipas con el Callej\u00f3n de Barriles. Adem\u00e1s, se ha trabajado en el acceso a la escollera de playa Miramar. Cada uno de estos espacios se transforma con una variedad de colores, contribuyendo a la creaci\u00f3n de una imagen urbana renovada en la ciudad.<\/p>\n","protected":false},"excerpt":{"rendered":"<p>Cd. Madero, Tamaulipas.- Con el objetivo de embellecer la imagen urbana y promover el turismo, se han comenzado los trabajos de pintura en la fachada del mercado \u201c18 de Marzo\u201d; en este espacio se crear\u00e1 un mural art\u00edstico que incorporar\u00e1 elementos representativos de Ciudad Madero. Esta iniciativa se suma para transformar otros lugares p\u00fablicos, como [&hellip;]<\/p>\n","protected":false},"author":1,"featured_media":3939,"comment_status":"open","ping_status":"closed","sticky":false,"template":"","format":"standard","meta":{"footnotes":""},"categories":[9],"tags":[],"class_list":["post-3937","post","type-post","status-publish","format-standard","has-post-thumbnail","hentry","category-zona-conurbada-del-sur"],"_links":{"self":[{"href":"https:\/\/dvnoticias.com.mx\/index.php\/wp-json\/wp\/v2\/posts\/3937","targetHints":{"allow":["GET"]}}],"collection":[{"href":"https:\/\/dvnoticias.com.mx\/index.php\/wp-json\/wp\/v2\/posts"}],"about":[{"href":"https:\/\/dvnoticias.com.mx\/index.php\/wp-json\/wp\/v2\/types\/post"}],"author":[{"embeddable":true,"href":"https:\/\/dvnoticias.com.mx\/index.php\/wp-json\/wp\/v2\/users\/1"}],"replies":[{"embeddable":true,"href":"https:\/\/dvnoticias.com.mx\/index.php\/wp-json\/wp\/v2\/comments?post=3937"}],"version-history":[{"count":1,"href":"https:\/\/dvnoticias.com.mx\/index.php\/wp-json\/wp\/v2\/posts\/3937\/revisions"}],"predecessor-version":[{"id":3938,"href":"https:\/\/dvnoticias.com.mx\/index.php\/wp-json\/wp\/v2\/posts\/3937\/revisions\/3938"}],"wp:featuredmedia":[{"embeddable":true,"href":"https:\/\/dvnoticias.com.mx\/index.php\/wp-json\/wp\/v2\/media\/3939"}],"wp:attachment":[{"href":"https:\/\/dvnoticias.com.mx\/index.php\/wp-json\/wp\/v2\/media?parent=3937"}],"wp:term":[{"taxonomy":"category","embeddable":true,"href":"https:\/\/dvnoticias.com.mx\/index.php\/wp-json\/wp\/v2\/categories?post=3937"},{"taxonomy":"post_tag","embeddable":true,"href":"https:\/\/dvnoticias.com.mx\/index.php\/wp-json\/wp\/v2\/tags?post=3937"}],"curies":[{"name":"wp","href":"https:\/\/api.w.org\/{rel}","templated":true}]}}