{"id":3899,"date":"2025-08-13T19:00:55","date_gmt":"2025-08-14T01:00:55","guid":{"rendered":"https:\/\/dvnoticias.com.mx\/?p=3899"},"modified":"2025-08-20T00:12:53","modified_gmt":"2025-08-20T00:12:53","slug":"inicia-en-tampico-el-curso-de-formacion-de-cuidadoras-certificadas","status":"publish","type":"post","link":"https:\/\/dvnoticias.com.mx\/index.php\/2025\/08\/13\/inicia-en-tampico-el-curso-de-formacion-de-cuidadoras-certificadas\/","title":{"rendered":"Inicia en Tampico el Curso de Formaci\u00f3n de Cuidadoras Certificadas"},"content":{"rendered":"<p>Tampico, Tamaulipas.- Con el firme compromiso de impulsar pol\u00edticas p\u00fablicas con enfoque humanista y de bienestar social, el Gobierno de Tampico, bajo la visi\u00f3n humanista de la Presidenta municipal M\u00f3nica Villarreal Anaya, dio inicio a la formaci\u00f3n de la primera generaci\u00f3n de cuidadoras certificadas dentro del Programa \u00abCuidadoras Casa por Casa\u00bb.<\/p>\n<p>Este innovador programa tiene como objetivo profesionalizar a las personas cuidadoras del municipio, brind\u00e1ndoles herramientas y conocimientos especializados que les permitan ofrecer una atenci\u00f3n de calidad tanto a ni\u00f1os como a adultos mayores.<\/p>\n<p>Omar Fabbri Flores, Secretario de Bienestar Social se\u00f1al\u00f3 que los participantes de la colonia Solidaridad, Voluntad y Trabajo est\u00e1n recibiendo capacitaci\u00f3n en dos \u00e1reas fundamentales: atenci\u00f3n y cuidado integral de ni\u00f1os; adem\u00e1s del cuidado de adultos mayores.<\/p>\n<p>Explic\u00f3 que ambas especialidades cuentan con certificaciones oficiales avaladas por el Sistema Nacional de Competencias\u00a0 (CONOCER) a trav\u00e9s de los est\u00e1ndares\u00a0 EC-0435 y EC-0665, lo que garantiza una formaci\u00f3n de alto nivel y con validez nacional.<\/p>\n<p>Durante este mes intensivo de capacitaci\u00f3n gratuita, las futuras cuidadoras desarrollar\u00e1n competencias clave para brindar atenci\u00f3n profesional, digna y especializada en los hogares de la comunidad.<\/p>\n<p>Este programa representa una oportunidad transformadora para el crecimiento profesional y econ\u00f3mico de las cuidadoras y cuidadores tampique\u00f1os y consolida al municipio como un referente en la implementaci\u00f3n de pol\u00edticas que dignfican el trabajo de cuidado con respaldo institucional y certificaciones oficiales.<\/p>\n","protected":false},"excerpt":{"rendered":"<p>Tampico, Tamaulipas.- Con el firme compromiso de impulsar pol\u00edticas p\u00fablicas con enfoque humanista y de bienestar social, el Gobierno de Tampico, bajo la visi\u00f3n humanista de la Presidenta municipal M\u00f3nica Villarreal Anaya, dio inicio a la formaci\u00f3n de la primera generaci\u00f3n de cuidadoras certificadas dentro del Programa \u00abCuidadoras Casa por Casa\u00bb. Este innovador programa tiene [&hellip;]<\/p>\n","protected":false},"author":1,"featured_media":3901,"comment_status":"open","ping_status":"closed","sticky":false,"template":"","format":"standard","meta":{"footnotes":""},"categories":[9],"tags":[],"class_list":["post-3899","post","type-post","status-publish","format-standard","has-post-thumbnail","hentry","category-zona-conurbada-del-sur"],"_links":{"self":[{"href":"https:\/\/dvnoticias.com.mx\/index.php\/wp-json\/wp\/v2\/posts\/3899","targetHints":{"allow":["GET"]}}],"collection":[{"href":"https:\/\/dvnoticias.com.mx\/index.php\/wp-json\/wp\/v2\/posts"}],"about":[{"href":"https:\/\/dvnoticias.com.mx\/index.php\/wp-json\/wp\/v2\/types\/post"}],"author":[{"embeddable":true,"href":"https:\/\/dvnoticias.com.mx\/index.php\/wp-json\/wp\/v2\/users\/1"}],"replies":[{"embeddable":true,"href":"https:\/\/dvnoticias.com.mx\/index.php\/wp-json\/wp\/v2\/comments?post=3899"}],"version-history":[{"count":1,"href":"https:\/\/dvnoticias.com.mx\/index.php\/wp-json\/wp\/v2\/posts\/3899\/revisions"}],"predecessor-version":[{"id":3900,"href":"https:\/\/dvnoticias.com.mx\/index.php\/wp-json\/wp\/v2\/posts\/3899\/revisions\/3900"}],"wp:featuredmedia":[{"embeddable":true,"href":"https:\/\/dvnoticias.com.mx\/index.php\/wp-json\/wp\/v2\/media\/3901"}],"wp:attachment":[{"href":"https:\/\/dvnoticias.com.mx\/index.php\/wp-json\/wp\/v2\/media?parent=3899"}],"wp:term":[{"taxonomy":"category","embeddable":true,"href":"https:\/\/dvnoticias.com.mx\/index.php\/wp-json\/wp\/v2\/categories?post=3899"},{"taxonomy":"post_tag","embeddable":true,"href":"https:\/\/dvnoticias.com.mx\/index.php\/wp-json\/wp\/v2\/tags?post=3899"}],"curies":[{"name":"wp","href":"https:\/\/api.w.org\/{rel}","templated":true}]}}