{"id":3340,"date":"2025-06-30T18:00:40","date_gmt":"2025-07-01T00:00:40","guid":{"rendered":"https:\/\/dvnoticias.com.mx\/?p=3340"},"modified":"2025-07-01T18:10:58","modified_gmt":"2025-07-01T18:10:58","slug":"invita-la-uat-a-reforzar-las-buenas-practicas-educativas-en-preparatoria-y-nivel-superior","status":"publish","type":"post","link":"https:\/\/dvnoticias.com.mx\/index.php\/2025\/06\/30\/invita-la-uat-a-reforzar-las-buenas-practicas-educativas-en-preparatoria-y-nivel-superior\/","title":{"rendered":"Invita la UAT a reforzar las buenas pr\u00e1cticas educativas en preparatoria y nivel superior"},"content":{"rendered":"<p>Cd. Victoria, Tamaulipas.- La Universidad Aut\u00f3noma de Tamaulipas (UAT) convoca a docentes de nivel medio superior y superior de todo el estado a participar en el Congreso Estatal de Buenas Pr\u00e1cticas Educativas, un espacio de reflexi\u00f3n para compartir experiencias y propuestas que contribuyan a fortalecer la transformaci\u00f3n y la innovaci\u00f3n educativa.<\/p>\n<p>Organizado en colaboraci\u00f3n con la Secretar\u00eda de Educaci\u00f3n de Tamaulipas, el congreso se llevar\u00e1 a cabo los d\u00edas 26 y 27 de agosto, en el Polyforum de Ciudad Victoria, en donde maestras y maestros podr\u00e1n participar como ponentes, cuya contribuci\u00f3n se publicar\u00e1 en una memoria digital del evento, o bien como asistentes para sumarse a la conversaci\u00f3n y di\u00e1logos desde su propia experiencia docente.<\/p>\n<p>Para m\u00e1s informaci\u00f3n y registro, ingresar a la plataforma oficial del congreso: https:\/\/buenaspracticaseducativas.uat.edu.mx\/ donde podr\u00e1n consultar la convocatoria, temas y requisitos para participar, misma que puede ser consultada tambi\u00e9n a trav\u00e9s del portal oficial de la UAT.<\/p>\n<p>Como parte de las iniciativas institucionales que impulsa el rector de la UAT, D\u00e1maso Anaya Alvarado, este encuentro acad\u00e9mico tiene como prop\u00f3sito ofrecer un espacio para el an\u00e1lisis, el di\u00e1logo y la reflexi\u00f3n sobre las mejores pr\u00e1cticas educativas implementadas por docentes, con el fin de consolidar una ense\u00f1anza m\u00e1s pertinente, innovadora y transformadora.<\/p>\n<p>En conjunto con las pol\u00edticas educativas del Gobierno del Estado de Tamaulipas, este congreso busca reunir la participaci\u00f3n de maestras y maestros de bachillerato y licenciatura de todas las instituciones de nivel medio superior y superior de la entidad, para compartir y difundir experiencias exitosas, fortalecer el compromiso docente e impulsar una mejora continua en la formaci\u00f3n acad\u00e9mica de la comunidad estudiantil.<\/p>\n","protected":false},"excerpt":{"rendered":"<p>Cd. Victoria, Tamaulipas.- La Universidad Aut\u00f3noma de Tamaulipas (UAT) convoca a docentes de nivel medio superior y superior de todo el estado a participar en el Congreso Estatal de Buenas Pr\u00e1cticas Educativas, un espacio de reflexi\u00f3n para compartir experiencias y propuestas que contribuyan a fortalecer la transformaci\u00f3n y la innovaci\u00f3n educativa. Organizado en colaboraci\u00f3n con [&hellip;]<\/p>\n","protected":false},"author":1,"featured_media":3342,"comment_status":"open","ping_status":"closed","sticky":false,"template":"","format":"standard","meta":{"footnotes":""},"categories":[8,7],"tags":[],"class_list":["post-3340","post","type-post","status-publish","format-standard","has-post-thumbnail","hentry","category-uat","category-universidad"],"_links":{"self":[{"href":"https:\/\/dvnoticias.com.mx\/index.php\/wp-json\/wp\/v2\/posts\/3340","targetHints":{"allow":["GET"]}}],"collection":[{"href":"https:\/\/dvnoticias.com.mx\/index.php\/wp-json\/wp\/v2\/posts"}],"about":[{"href":"https:\/\/dvnoticias.com.mx\/index.php\/wp-json\/wp\/v2\/types\/post"}],"author":[{"embeddable":true,"href":"https:\/\/dvnoticias.com.mx\/index.php\/wp-json\/wp\/v2\/users\/1"}],"replies":[{"embeddable":true,"href":"https:\/\/dvnoticias.com.mx\/index.php\/wp-json\/wp\/v2\/comments?post=3340"}],"version-history":[{"count":1,"href":"https:\/\/dvnoticias.com.mx\/index.php\/wp-json\/wp\/v2\/posts\/3340\/revisions"}],"predecessor-version":[{"id":3341,"href":"https:\/\/dvnoticias.com.mx\/index.php\/wp-json\/wp\/v2\/posts\/3340\/revisions\/3341"}],"wp:featuredmedia":[{"embeddable":true,"href":"https:\/\/dvnoticias.com.mx\/index.php\/wp-json\/wp\/v2\/media\/3342"}],"wp:attachment":[{"href":"https:\/\/dvnoticias.com.mx\/index.php\/wp-json\/wp\/v2\/media?parent=3340"}],"wp:term":[{"taxonomy":"category","embeddable":true,"href":"https:\/\/dvnoticias.com.mx\/index.php\/wp-json\/wp\/v2\/categories?post=3340"},{"taxonomy":"post_tag","embeddable":true,"href":"https:\/\/dvnoticias.com.mx\/index.php\/wp-json\/wp\/v2\/tags?post=3340"}],"curies":[{"name":"wp","href":"https:\/\/api.w.org\/{rel}","templated":true}]}}