{"id":3307,"date":"2025-06-27T19:00:53","date_gmt":"2025-06-28T01:00:53","guid":{"rendered":"https:\/\/dvnoticias.com.mx\/?p=3307"},"modified":"2025-06-28T22:32:00","modified_gmt":"2025-06-28T22:32:00","slug":"instala-monica-villarreal-centro-de-control-y-coordinacion-en-sector-moscu","status":"publish","type":"post","link":"https:\/\/dvnoticias.com.mx\/index.php\/2025\/06\/27\/instala-monica-villarreal-centro-de-control-y-coordinacion-en-sector-moscu\/","title":{"rendered":"Instala M\u00f3nica Villarreal Centro de Control y Coordinaci\u00f3n en Sector Mosc\u00fa"},"content":{"rendered":"<p>Tampico, Tamaulipas.- La Presidenta municipal de Tampico, M\u00f3nica Villarreal Anaya encabez\u00f3 este viernes, un nuevo recorrido en las zonas aleda\u00f1as al r\u00edo Tames\u00ed y Laguna del Chairel, con el prop\u00f3sito de atender las necesidades inmediatas de las personas y familias que se han visto afectadas por la creciente registrada en el afluente durante las \u00faltimas horas.<\/p>\n<p>Dicho recorrido se llev\u00f3 a cabo, despu\u00e9s de la Instalaci\u00f3n del Centro de Mando y Coordinaci\u00f3n en el Centro de Bienestar y Paz de la colonia Vicente Guerrero, sector Mosc\u00fa, acci\u00f3n que tiene como objetivo contar con un espacio centralizado para la gesti\u00f3n de operaciones, coordinaci\u00f3n de recursos y toma de decisiones, y en caso de requerirse tambi\u00e9n se utilizar\u00e1 como refugio.<\/p>\n<p>La autoridad municipal, acompa\u00f1ada del titular de Protecci\u00f3n Civil, Jos\u00e9 Antonio Marin Flores; de Servicios P\u00fablicos, Ricardo Mora Alvarado; y por representantes del Ej\u00e9rcito Mexicano, Guardia Nacional, Marina, Guardia Estatal, Tr\u00e1nsito y Bomberos; subray\u00f3 que la acci\u00f3n coordinada de todas las dependencias y organismos adheridos al Consejo municipal de Protecci\u00f3n Civil, ha permitido, escuchar, atender y responder al llamado de la poblaci\u00f3n, principalmente de las colonias, Pescadores, Vicente Guerrero, -sector Mosc\u00fa- Tamaulipas, y Morelos, entre otras.<\/p>\n<p>\u201cYa estamos tomando las medidas, llevamos ya cinco sesiones del Consejo de Protecci\u00f3n Civil, estamos monitoreando la creciente que se espera por la venida del r\u00edo P\u00e1nuco y del r\u00edo Tames\u00ed. Estamos atendiendo muy de cerca a la poblaci\u00f3n que habita en las zonas susceptibles a sufrir inundaciones, por eso nos estamos comunicando\u00a0 directamente con CONAGUA que nos ha facilitado bombas para poder dar respuesta a la ciudadan\u00eda, poniendo a salvo a las familias que puedan verse afectadas, y salvaguardando en la medida de lo posible, su patrimonio\u201d, expres\u00f3.<\/p>\n<p>M\u00f3nica Villarreal expuso que, aunque las lluvias han disminuido en la zona conurbada, los citados r\u00edos presentan un incremento en su nivel, derivado de las aguas provenientes del centro y norte de la entidad; fen\u00f3meno que dijo, representa un riesgo para los asentamientos ubicados en las m\u00e1rgenes de estos afluentes y del sistema lagunario.<\/p>\n<p>La primera autoridad, dijo que actualmente se tienen establecidos seis refugios para atender a toda la poblaci\u00f3n que requiera ser evacuada; en la colonia Pescadores a trav\u00e9s del Plan DN III iniciaron a evacuar a las familias que ya se encuentran afectadas por la creciente del r\u00edo Tames\u00ed.<\/p>\n<p>\u201cVamos a hacer todo lo humanamente posible y vamos a demostrar ese compromiso y responsabilidad con Tampico. Estamos haciendo perifoneo para que la gente est\u00e9 enterada y pueda ir tomando previsiones, no vamos a escatimar ning\u00fan recurso humano, ning\u00fan recurso de tiempo y estrategias para poder atender de la mejor manera una situaci\u00f3n que nos llegue\u201d, puntualiz\u00f3.<\/p>\n","protected":false},"excerpt":{"rendered":"<p>Tampico, Tamaulipas.- La Presidenta municipal de Tampico, M\u00f3nica Villarreal Anaya encabez\u00f3 este viernes, un nuevo recorrido en las zonas aleda\u00f1as al r\u00edo Tames\u00ed y Laguna del Chairel, con el prop\u00f3sito de atender las necesidades inmediatas de las personas y familias que se han visto afectadas por la creciente registrada en el afluente durante las \u00faltimas [&hellip;]<\/p>\n","protected":false},"author":1,"featured_media":3309,"comment_status":"open","ping_status":"closed","sticky":false,"template":"","format":"standard","meta":{"footnotes":""},"categories":[9],"tags":[],"class_list":["post-3307","post","type-post","status-publish","format-standard","has-post-thumbnail","hentry","category-zona-conurbada-del-sur"],"_links":{"self":[{"href":"https:\/\/dvnoticias.com.mx\/index.php\/wp-json\/wp\/v2\/posts\/3307","targetHints":{"allow":["GET"]}}],"collection":[{"href":"https:\/\/dvnoticias.com.mx\/index.php\/wp-json\/wp\/v2\/posts"}],"about":[{"href":"https:\/\/dvnoticias.com.mx\/index.php\/wp-json\/wp\/v2\/types\/post"}],"author":[{"embeddable":true,"href":"https:\/\/dvnoticias.com.mx\/index.php\/wp-json\/wp\/v2\/users\/1"}],"replies":[{"embeddable":true,"href":"https:\/\/dvnoticias.com.mx\/index.php\/wp-json\/wp\/v2\/comments?post=3307"}],"version-history":[{"count":1,"href":"https:\/\/dvnoticias.com.mx\/index.php\/wp-json\/wp\/v2\/posts\/3307\/revisions"}],"predecessor-version":[{"id":3308,"href":"https:\/\/dvnoticias.com.mx\/index.php\/wp-json\/wp\/v2\/posts\/3307\/revisions\/3308"}],"wp:featuredmedia":[{"embeddable":true,"href":"https:\/\/dvnoticias.com.mx\/index.php\/wp-json\/wp\/v2\/media\/3309"}],"wp:attachment":[{"href":"https:\/\/dvnoticias.com.mx\/index.php\/wp-json\/wp\/v2\/media?parent=3307"}],"wp:term":[{"taxonomy":"category","embeddable":true,"href":"https:\/\/dvnoticias.com.mx\/index.php\/wp-json\/wp\/v2\/categories?post=3307"},{"taxonomy":"post_tag","embeddable":true,"href":"https:\/\/dvnoticias.com.mx\/index.php\/wp-json\/wp\/v2\/tags?post=3307"}],"curies":[{"name":"wp","href":"https:\/\/api.w.org\/{rel}","templated":true}]}}