{"id":3295,"date":"2025-06-26T19:00:43","date_gmt":"2025-06-27T01:00:43","guid":{"rendered":"https:\/\/dvnoticias.com.mx\/?p=3295"},"modified":"2025-06-28T22:26:54","modified_gmt":"2025-06-28T22:26:54","slug":"sigue-en-ascenso-el-nivel-del-sistema-lagunario-guayalejo-tamesi","status":"publish","type":"post","link":"https:\/\/dvnoticias.com.mx\/index.php\/2025\/06\/26\/sigue-en-ascenso-el-nivel-del-sistema-lagunario-guayalejo-tamesi\/","title":{"rendered":"Sigue en ascenso el nivel del sistema lagunario Guayalejo-Tames\u00ed"},"content":{"rendered":"<p>Tampico, Tamaulipas.- El nivel del sistema lagunario Guayalejo-Tames\u00ed sigue registrando un incremento constante, como resultado de las recientes lluvias en la regi\u00f3n sur de Tamaulipas y de los escurrimientos provenientes de la cuenca alta, lo que representa una mejora significativa en la recuperaci\u00f3n de los cuerpos de agua que abastecen a la zona conurbada.<\/p>\n<p>De acuerdo con los reportes, en los \u00faltimos 10 d\u00edas el nivel del sistema ha ascendido de 0.77 m, registrado el pasado 16 de junio, a 1.71 m al d\u00eda de hoy, lo que refleja un aumento considerable y alentador para la regi\u00f3n, debido a que este panorama favorece al suministro del vital l\u00edquido a la poblaci\u00f3n el pr\u00f3ximo a\u00f1o 2026.<\/p>\n<p>Adem\u00e1s, otro factor determinante ha sido el escurrimiento natural proveniente de la cuenca del r\u00edo Guayalejo, que ha contribuido al ingreso adicional de agua hacia el sistema lagunario, contribuyendo a la estabilidad y recuperaci\u00f3n del nivel en la laguna del Chairel.<\/p>\n<p>Cabe recordar que el a\u00f1o 2024 la regi\u00f3n sur de Tamaulipas enfrent\u00f3 una crisis h\u00eddrica sin precedente, marcada por niveles hist\u00f3ricamente bajos en las lagunas, lo que puso en riesgo la distribuci\u00f3n del vital l\u00edquido a las familias de esta regi\u00f3n, por lo que se tuvieron que implementar una serie de medidas emergentes.<\/p>\n<p>Las autoridades continuar\u00e1n con el monitoreo constante del sistema lagunario para verificar la estabilizaci\u00f3n del nivel, con el objetivo de asegurar que las condiciones se mantengan favorables para el abastecimiento de la regi\u00f3n.<\/p>\n","protected":false},"excerpt":{"rendered":"<p>Tampico, Tamaulipas.- El nivel del sistema lagunario Guayalejo-Tames\u00ed sigue registrando un incremento constante, como resultado de las recientes lluvias en la regi\u00f3n sur de Tamaulipas y de los escurrimientos provenientes de la cuenca alta, lo que representa una mejora significativa en la recuperaci\u00f3n de los cuerpos de agua que abastecen a la zona conurbada. De [&hellip;]<\/p>\n","protected":false},"author":1,"featured_media":3297,"comment_status":"open","ping_status":"closed","sticky":false,"template":"","format":"standard","meta":{"footnotes":""},"categories":[9],"tags":[],"class_list":["post-3295","post","type-post","status-publish","format-standard","has-post-thumbnail","hentry","category-zona-conurbada-del-sur"],"_links":{"self":[{"href":"https:\/\/dvnoticias.com.mx\/index.php\/wp-json\/wp\/v2\/posts\/3295","targetHints":{"allow":["GET"]}}],"collection":[{"href":"https:\/\/dvnoticias.com.mx\/index.php\/wp-json\/wp\/v2\/posts"}],"about":[{"href":"https:\/\/dvnoticias.com.mx\/index.php\/wp-json\/wp\/v2\/types\/post"}],"author":[{"embeddable":true,"href":"https:\/\/dvnoticias.com.mx\/index.php\/wp-json\/wp\/v2\/users\/1"}],"replies":[{"embeddable":true,"href":"https:\/\/dvnoticias.com.mx\/index.php\/wp-json\/wp\/v2\/comments?post=3295"}],"version-history":[{"count":1,"href":"https:\/\/dvnoticias.com.mx\/index.php\/wp-json\/wp\/v2\/posts\/3295\/revisions"}],"predecessor-version":[{"id":3296,"href":"https:\/\/dvnoticias.com.mx\/index.php\/wp-json\/wp\/v2\/posts\/3295\/revisions\/3296"}],"wp:featuredmedia":[{"embeddable":true,"href":"https:\/\/dvnoticias.com.mx\/index.php\/wp-json\/wp\/v2\/media\/3297"}],"wp:attachment":[{"href":"https:\/\/dvnoticias.com.mx\/index.php\/wp-json\/wp\/v2\/media?parent=3295"}],"wp:term":[{"taxonomy":"category","embeddable":true,"href":"https:\/\/dvnoticias.com.mx\/index.php\/wp-json\/wp\/v2\/categories?post=3295"},{"taxonomy":"post_tag","embeddable":true,"href":"https:\/\/dvnoticias.com.mx\/index.php\/wp-json\/wp\/v2\/tags?post=3295"}],"curies":[{"name":"wp","href":"https:\/\/api.w.org\/{rel}","templated":true}]}}