{"id":3253,"date":"2025-06-24T18:00:43","date_gmt":"2025-06-25T00:00:43","guid":{"rendered":"https:\/\/dvnoticias.com.mx\/?p=3253"},"modified":"2025-06-25T19:06:52","modified_gmt":"2025-06-25T19:06:52","slug":"reconoce-salud-esfuerzo-y-dedicacion-de-paramedicos-y-paramedicas-de-tamaulipas","status":"publish","type":"post","link":"https:\/\/dvnoticias.com.mx\/index.php\/2025\/06\/24\/reconoce-salud-esfuerzo-y-dedicacion-de-paramedicos-y-paramedicas-de-tamaulipas\/","title":{"rendered":"Reconoce Salud esfuerzo y dedicaci\u00f3n de param\u00e9dicos y param\u00e9dicas de Tamaulipas"},"content":{"rendered":"<p>Ciudad Victoria, Tamaulipas.- En el D\u00eda Internacional del Param\u00e9dico y la Param\u00e9dica, el secretario de Salud, Vicente Joel Hern\u00e1ndez Navarro, reconoci\u00f3 el trabajo del personal del Centro Regulador de Urgencias M\u00e9dicas (CRUM) que d\u00eda con d\u00eda entregan toda su capacidad de servicio individual y colectivo para salvar vidas.<\/p>\n<p>A nombre del gobernador, Am\u00e9rico Villarreal Anaya, el titular de la dependencia estatal, agradeci\u00f3 a los hombres y mujeres que por su entrega y dedicaci\u00f3n, han demostrado que son verdaderos profesionales, que tiene el perfil para estar en esta labor y sobre todo que los define como buenas personas con capacidad de servicio y sentido humano.<\/p>\n<p>\u201cEs un orgullo tener este equipo tan capacitado y tan entregado en este servicio de atenci\u00f3n\u00a0 tan prioritaria como es la atenci\u00f3n m\u00e9dica prehospitalaria,\u00a0 que su significado es tan importante como es el salvar vidas, es llevar al paciente al lugar m\u00e1s adecuado para su atenci\u00f3n y esto lo hacen posible ustedes con seguridad, con eficiencia, rapidez y con capacidad de implementar las medidas de salvamento necesarias\u201d, reiter\u00f3 Hern\u00e1ndez Navarro al grupo de param\u00e9dicos y param\u00e9dicas que integran el CRUM.<\/p>\n<p>Dijo que este trabajo que desempe\u00f1an con tanta dedicaci\u00f3n, se ve reflejado en la estructura que actualmente tiene el CRUM en la Secretar\u00eda de Salud, ya que en pr\u00f3ximas fechas se crear\u00e1n la coordinaci\u00f3n del sur y otra en el norte de la entidad, y esto se debe al esfuerzo constante que como personal han realizado en estos \u00faltimos a\u00f1os, convirti\u00e9ndolos en pioneros en el desarrollo y creaci\u00f3n de estas nuevas unidades para lograr un estado reconocido por contar con los mejores servicios prehospitalarios del pa\u00eds.<\/p>\n<p>Los param\u00e9dicos y param\u00e9dicas de Tamaulipas, son un equipo capacitado que atiende el llamado de ayuda de la poblaci\u00f3n y se trasladan a donde sea necesario para otorgar atenci\u00f3n m\u00e9dica y primeros auxilios a v\u00edctimas de accidentes, violencia, enfermedades repentinas, ataques card\u00edacos, entre otros.<\/p>\n<p>\u201cEste grupo de especialistas tiene la capacidad que tiene cualquier m\u00e9dico de cualquier instituci\u00f3n, lo que ustedes hacen afuera, lo hacen ellos adentro de la unidad y eso es bien importante ya que su capacidad est\u00e1 demostrada al 100 por ciento\u201d, puntualiz\u00f3 el secretario de Salud.<\/p>\n","protected":false},"excerpt":{"rendered":"<p>Ciudad Victoria, Tamaulipas.- En el D\u00eda Internacional del Param\u00e9dico y la Param\u00e9dica, el secretario de Salud, Vicente Joel Hern\u00e1ndez Navarro, reconoci\u00f3 el trabajo del personal del Centro Regulador de Urgencias M\u00e9dicas (CRUM) que d\u00eda con d\u00eda entregan toda su capacidad de servicio individual y colectivo para salvar vidas. A nombre del gobernador, Am\u00e9rico Villarreal Anaya, [&hellip;]<\/p>\n","protected":false},"author":1,"featured_media":3255,"comment_status":"open","ping_status":"closed","sticky":false,"template":"","format":"standard","meta":{"footnotes":""},"categories":[3],"tags":[],"class_list":["post-3253","post","type-post","status-publish","format-standard","has-post-thumbnail","hentry","category-estatal"],"_links":{"self":[{"href":"https:\/\/dvnoticias.com.mx\/index.php\/wp-json\/wp\/v2\/posts\/3253","targetHints":{"allow":["GET"]}}],"collection":[{"href":"https:\/\/dvnoticias.com.mx\/index.php\/wp-json\/wp\/v2\/posts"}],"about":[{"href":"https:\/\/dvnoticias.com.mx\/index.php\/wp-json\/wp\/v2\/types\/post"}],"author":[{"embeddable":true,"href":"https:\/\/dvnoticias.com.mx\/index.php\/wp-json\/wp\/v2\/users\/1"}],"replies":[{"embeddable":true,"href":"https:\/\/dvnoticias.com.mx\/index.php\/wp-json\/wp\/v2\/comments?post=3253"}],"version-history":[{"count":1,"href":"https:\/\/dvnoticias.com.mx\/index.php\/wp-json\/wp\/v2\/posts\/3253\/revisions"}],"predecessor-version":[{"id":3254,"href":"https:\/\/dvnoticias.com.mx\/index.php\/wp-json\/wp\/v2\/posts\/3253\/revisions\/3254"}],"wp:featuredmedia":[{"embeddable":true,"href":"https:\/\/dvnoticias.com.mx\/index.php\/wp-json\/wp\/v2\/media\/3255"}],"wp:attachment":[{"href":"https:\/\/dvnoticias.com.mx\/index.php\/wp-json\/wp\/v2\/media?parent=3253"}],"wp:term":[{"taxonomy":"category","embeddable":true,"href":"https:\/\/dvnoticias.com.mx\/index.php\/wp-json\/wp\/v2\/categories?post=3253"},{"taxonomy":"post_tag","embeddable":true,"href":"https:\/\/dvnoticias.com.mx\/index.php\/wp-json\/wp\/v2\/tags?post=3253"}],"curies":[{"name":"wp","href":"https:\/\/api.w.org\/{rel}","templated":true}]}}