{"id":3232,"date":"2025-06-22T18:00:37","date_gmt":"2025-06-23T00:00:37","guid":{"rendered":"https:\/\/dvnoticias.com.mx\/?p=3232"},"modified":"2025-06-25T18:57:55","modified_gmt":"2025-06-25T18:57:55","slug":"realiza-dif-tamaulipas-segunda-capacitacion-y-donacion-de-sillas-de-ruedas-para-personas-discapacitadas","status":"publish","type":"post","link":"https:\/\/dvnoticias.com.mx\/index.php\/2025\/06\/22\/realiza-dif-tamaulipas-segunda-capacitacion-y-donacion-de-sillas-de-ruedas-para-personas-discapacitadas\/","title":{"rendered":"Realiza DIF Tamaulipas segunda capacitaci\u00f3n y donaci\u00f3n de sillas de ruedas para personas discapacitadas"},"content":{"rendered":"<p>Ciudad Victoria, Tamaulipas.\u2013 El Sistema para el Desarrollo Integral de la Familia (DIF) de Tamaulipas, presidido por la doctora Mar\u00eda de Villarreal, en colaboraci\u00f3n con la asociaci\u00f3n Vida Independiente M\u00e9xico, llev\u00f3 a cabo la segunda capacitaci\u00f3n dirigida a personas con discapacidad motriz.<\/p>\n<p>Durante esta actividad tambi\u00e9n se entregaron 27 sillas de ruedas dise\u00f1adas especialmente por dicha asociaci\u00f3n, adquiridas gracias a lo recaudado a trav\u00e9s del redondeo de Fundaci\u00f3n Oxxo.<\/p>\n<p>En el curso participaron 27 personas con discapacidad, quienes durante cinco d\u00edas recibieron capacitaci\u00f3n por parte de instructores especializados de Vida Independiente M\u00e9xico.<\/p>\n<p>Adem\u00e1s, 10 alumnos del Centro de Rehabilitaci\u00f3n y Educaci\u00f3n Especial (CREE) del Sistema DIF Tamaulipas apoyaron activamente a los beneficiarios, facilitando su aprendizaje y el aprovechamiento \u00f3ptimo del equipo.<\/p>\n<p>Esta capacitaci\u00f3n tuvo como objetivo fortalecer las habilidades f\u00edsicas y emocionales de los participantes, a trav\u00e9s de t\u00e9cnicas para el manejo aut\u00f3nomo de la silla de ruedas, as\u00ed como compartir experiencias de inclusi\u00f3n social y laboral.<\/p>\n<p>Al concluir el curso, la directora de Atenci\u00f3n Prioritaria, Mariela Benavides Espronceda, agradeci\u00f3 a Vida Independiente M\u00e9xico por su participaci\u00f3n, as\u00ed como a Fundaci\u00f3n Oxxo por la valiosa donaci\u00f3n de las sillas de ruedas, gracias al redondeo voluntario de sus clientes en todo el pa\u00eds.<\/p>\n","protected":false},"excerpt":{"rendered":"<p>Ciudad Victoria, Tamaulipas.\u2013 El Sistema para el Desarrollo Integral de la Familia (DIF) de Tamaulipas, presidido por la doctora Mar\u00eda de Villarreal, en colaboraci\u00f3n con la asociaci\u00f3n Vida Independiente M\u00e9xico, llev\u00f3 a cabo la segunda capacitaci\u00f3n dirigida a personas con discapacidad motriz. Durante esta actividad tambi\u00e9n se entregaron 27 sillas de ruedas dise\u00f1adas especialmente por [&hellip;]<\/p>\n","protected":false},"author":1,"featured_media":3234,"comment_status":"open","ping_status":"closed","sticky":false,"template":"","format":"standard","meta":{"footnotes":""},"categories":[3],"tags":[],"class_list":["post-3232","post","type-post","status-publish","format-standard","has-post-thumbnail","hentry","category-estatal"],"_links":{"self":[{"href":"https:\/\/dvnoticias.com.mx\/index.php\/wp-json\/wp\/v2\/posts\/3232","targetHints":{"allow":["GET"]}}],"collection":[{"href":"https:\/\/dvnoticias.com.mx\/index.php\/wp-json\/wp\/v2\/posts"}],"about":[{"href":"https:\/\/dvnoticias.com.mx\/index.php\/wp-json\/wp\/v2\/types\/post"}],"author":[{"embeddable":true,"href":"https:\/\/dvnoticias.com.mx\/index.php\/wp-json\/wp\/v2\/users\/1"}],"replies":[{"embeddable":true,"href":"https:\/\/dvnoticias.com.mx\/index.php\/wp-json\/wp\/v2\/comments?post=3232"}],"version-history":[{"count":1,"href":"https:\/\/dvnoticias.com.mx\/index.php\/wp-json\/wp\/v2\/posts\/3232\/revisions"}],"predecessor-version":[{"id":3233,"href":"https:\/\/dvnoticias.com.mx\/index.php\/wp-json\/wp\/v2\/posts\/3232\/revisions\/3233"}],"wp:featuredmedia":[{"embeddable":true,"href":"https:\/\/dvnoticias.com.mx\/index.php\/wp-json\/wp\/v2\/media\/3234"}],"wp:attachment":[{"href":"https:\/\/dvnoticias.com.mx\/index.php\/wp-json\/wp\/v2\/media?parent=3232"}],"wp:term":[{"taxonomy":"category","embeddable":true,"href":"https:\/\/dvnoticias.com.mx\/index.php\/wp-json\/wp\/v2\/categories?post=3232"},{"taxonomy":"post_tag","embeddable":true,"href":"https:\/\/dvnoticias.com.mx\/index.php\/wp-json\/wp\/v2\/tags?post=3232"}],"curies":[{"name":"wp","href":"https:\/\/api.w.org\/{rel}","templated":true}]}}