{"id":3184,"date":"2025-06-19T14:29:27","date_gmt":"2025-06-19T20:29:27","guid":{"rendered":"https:\/\/dvnoticias.com.mx\/?p=3184"},"modified":"2025-06-19T20:29:29","modified_gmt":"2025-06-19T20:29:29","slug":"fortalece-tercer-congreso-educativo-estrategias-pedagogicas-para-la-educacion-inclusiva","status":"publish","type":"post","link":"https:\/\/dvnoticias.com.mx\/index.php\/2025\/06\/19\/fortalece-tercer-congreso-educativo-estrategias-pedagogicas-para-la-educacion-inclusiva\/","title":{"rendered":"Fortalece Tercer Congreso Educativo estrategias pedag\u00f3gicas para la educaci\u00f3n inclusiva"},"content":{"rendered":"<p>Tampico, Tamaulipas.\u2013 M\u00e1s de 400 figuras educativas, entre docentes, directivos, supervisores y asesores de diversos municipios, participaron en los talleres y las conferencias que se impartieron en el Tercer Congreso Educativo: En el marco de una educaci\u00f3n inclusiva en la Educaci\u00f3n B\u00e1sica, celebrado en Tampico los d\u00edas 17 y 18 de junio.<\/p>\n<p>Las y los asistentes aprendieron de especialistas en educaci\u00f3n especial, psicolog\u00eda y formaci\u00f3n docente de la Direcci\u00f3n de Formaci\u00f3n Continua y Actualizaci\u00f3n Docente, sobre herramientas pr\u00e1cticas para implementar en el aula con estudiantes que enfrentan barreras para el aprendizaje y la participaci\u00f3n, en \u00e1reas formativas como el lenguaje, los saberes y el pensamiento cient\u00edfico.<\/p>\n<p>Entre las actividades que se desarrollaron estuvieron las conferencias, \u201cLa comunicaci\u00f3n asertiva en los procesos inclusivos\u201d, el conversatorio \u201cDerribando mitos y compartiendo experiencias\u201d, as\u00ed como el taller inclusivo \u201cEl Dise\u00f1o Universal para el Aprendizaje: Estrategia para el fortalecimiento de los procesos inclusivos\u201d, entre otras.<\/p>\n<p>Miguel \u00c1ngel Valdez Garc\u00eda, secretario de Educaci\u00f3n de Tamaulipas, quien asisti\u00f3 a la ceremonia de inauguraci\u00f3n, reafirm\u00f3 el compromiso del sector educativo con la profesionalizaci\u00f3n docente y la inclusi\u00f3n, subrayando que tanto la presidenta Claudia Sheinbaum como el gobernador Am\u00e9rico Villarreal Anaya impulsan un sistema educativo cercano a la realidad de ni\u00f1as, ni\u00f1os, adolescentes y j\u00f3venes, brindando mejores herramientas para las y los docentes.<\/p>\n<p>En el marco de la ceremonia de inauguraci\u00f3n, se realiz\u00f3 la entrega de equipos tecnol\u00f3gicos a servicios de educaci\u00f3n especial, fortaleciendo as\u00ed las capacidades institucionales para la atenci\u00f3n a la diversidad en los planteles educativos tamaulipecos.<\/p>\n<p>El objetivo del Tercer Congreso Educativo En el marco de una educaci\u00f3n inclusiva en la Educaci\u00f3n B\u00e1sica,\u00a0 fue fortalecer, para las y los maestros, las estrategias pedag\u00f3gicas para la atenci\u00f3n a la diversidad en las aulas en el nivel de educaci\u00f3n b\u00e1sica.<\/p>\n","protected":false},"excerpt":{"rendered":"<p>Tampico, Tamaulipas.\u2013 M\u00e1s de 400 figuras educativas, entre docentes, directivos, supervisores y asesores de diversos municipios, participaron en los talleres y las conferencias que se impartieron en el Tercer Congreso Educativo: En el marco de una educaci\u00f3n inclusiva en la Educaci\u00f3n B\u00e1sica, celebrado en Tampico los d\u00edas 17 y 18 de junio. Las y los [&hellip;]<\/p>\n","protected":false},"author":1,"featured_media":3186,"comment_status":"open","ping_status":"closed","sticky":false,"template":"","format":"standard","meta":{"footnotes":""},"categories":[3],"tags":[],"class_list":["post-3184","post","type-post","status-publish","format-standard","has-post-thumbnail","hentry","category-estatal"],"_links":{"self":[{"href":"https:\/\/dvnoticias.com.mx\/index.php\/wp-json\/wp\/v2\/posts\/3184","targetHints":{"allow":["GET"]}}],"collection":[{"href":"https:\/\/dvnoticias.com.mx\/index.php\/wp-json\/wp\/v2\/posts"}],"about":[{"href":"https:\/\/dvnoticias.com.mx\/index.php\/wp-json\/wp\/v2\/types\/post"}],"author":[{"embeddable":true,"href":"https:\/\/dvnoticias.com.mx\/index.php\/wp-json\/wp\/v2\/users\/1"}],"replies":[{"embeddable":true,"href":"https:\/\/dvnoticias.com.mx\/index.php\/wp-json\/wp\/v2\/comments?post=3184"}],"version-history":[{"count":1,"href":"https:\/\/dvnoticias.com.mx\/index.php\/wp-json\/wp\/v2\/posts\/3184\/revisions"}],"predecessor-version":[{"id":3185,"href":"https:\/\/dvnoticias.com.mx\/index.php\/wp-json\/wp\/v2\/posts\/3184\/revisions\/3185"}],"wp:featuredmedia":[{"embeddable":true,"href":"https:\/\/dvnoticias.com.mx\/index.php\/wp-json\/wp\/v2\/media\/3186"}],"wp:attachment":[{"href":"https:\/\/dvnoticias.com.mx\/index.php\/wp-json\/wp\/v2\/media?parent=3184"}],"wp:term":[{"taxonomy":"category","embeddable":true,"href":"https:\/\/dvnoticias.com.mx\/index.php\/wp-json\/wp\/v2\/categories?post=3184"},{"taxonomy":"post_tag","embeddable":true,"href":"https:\/\/dvnoticias.com.mx\/index.php\/wp-json\/wp\/v2\/tags?post=3184"}],"curies":[{"name":"wp","href":"https:\/\/api.w.org\/{rel}","templated":true}]}}