{"id":3182,"date":"2025-06-19T14:28:22","date_gmt":"2025-06-19T20:28:22","guid":{"rendered":"https:\/\/dvnoticias.com.mx\/?p=3182"},"modified":"2025-06-19T20:28:25","modified_gmt":"2025-06-19T20:28:25","slug":"orbe-25","status":"publish","type":"post","link":"https:\/\/dvnoticias.com.mx\/index.php\/2025\/06\/19\/orbe-25\/","title":{"rendered":"ORBE"},"content":{"rendered":"<p><strong>Ola mundial de guerra y un exgobernador de Tamaulipas<\/strong><\/p>\n<p><strong>\u00a0<\/strong><\/p>\n<p><strong>Ma. Teresa Medina Marroqu\u00edn.-<\/strong><\/p>\n<p><strong>\u00a0<\/strong><\/p>\n<p><strong>\u00bfLAS ADVERTENCIAS DE TRUMP HABLAN DE UN INMINENTE HONGO NUCLEAR?<\/strong><\/p>\n<p>&nbsp;<\/p>\n<p><strong>AM\u00c9RICO VILLARREAL: LA JUSTICIA NO SE QUEDA EN PROMESAS<\/strong><\/p>\n<p>&nbsp;<\/p>\n<p><strong>REFRENDA AM\u00c9RICO ALIANZA CON MAESTROS; ENTREGA 284 CONDECORACIONES<\/strong><\/p>\n<p><strong>\u00a0<\/strong><\/p>\n<p><strong>\u00a0<\/strong><\/p>\n<p><strong>TOMA PROTESTA CONSEJO DE PROTECCI\u00d3N CIVIL EN VICTORIA<\/strong><\/p>\n<p>&nbsp;<\/p>\n<p>&nbsp;<\/p>\n<p>A pesar de que todas las regiones del planeta se encuentran sumergidas en medio de falsas noticias, hoy la humanidad entera est\u00e1 conmocionada por otras noticias, muy pocas, pero cuyos calibres equivalen a terremotos escala 9.5, capaces de provocar una serie de devastaciones, la mayor parte de estas ocasionadas por la codicia, la envidia y el odio de un grupo de poderosos que muy poco les importa el destino tr\u00e1gico de la poblaci\u00f3n de la Tierra.<\/p>\n<p>\u201cAnestesiada\u201d esta \u00e9lite por el poder y la riqueza, e ignorando el inconmensurable valor de la vida, la percepci\u00f3n generalizada que la humanidad tiene de los supuestos \u201cl\u00edderes mundiales\u201d es la absoluta carencia de seriedad al sentido com\u00fan y al respeto que merece la condici\u00f3n humana.<\/p>\n<p>En estos momentos la realidad mundial es que el grave conflicto entre Ir\u00e1n e Israel podr\u00eda escalar a niveles de horror.<\/p>\n<p>Que el presidente de los Estados Unidos, Donald Trump, haya hecho un llamado a que la gente salga de Teher\u00e1n, capital de Ir\u00e1n, advierte que en cualquier momento saldr\u00e1n (por lo menos) las amenazas de hacer estallar al hongo nuclear.<\/p>\n<p>Imagin\u00e9monos lo que vendr\u00e1 despu\u00e9s y que nadie, ni Estados Unidos, ni China, como tampoco Rusia, ni los pa\u00edses m\u00e1s poderosos del G7, van a poder detener.<\/p>\n<p>En estos momentos, y a pesar de la desinformaci\u00f3n que prevalece en todo el mundo, los escenarios de guerra son reales y las presiones de los pa\u00edses m\u00e1s poderosos para lograr acuerdos de paz se ven cada m\u00e1s ineficaces.<\/p>\n<p><strong>\u00a0<\/strong><\/p>\n<p><strong>CLAUDIA SHEINBAUM Y LAS SOLUCIONES POR LA V\u00cdA DIPLOM\u00c1TICA<\/strong><\/p>\n<p>&nbsp;<\/p>\n<p>Punto y aparte queda la nota de la reuni\u00f3n cancelada que sostendr\u00edan la presidenta de M\u00e9xico, Claudia Sheinbaum y el presidente de Estados Unidos, Donald Trump.<\/p>\n<p>Una reuni\u00f3n, cuyo contexto, es cada vez m\u00e1s urgente, donde la Dra. Sheinbaum intentar\u00e1 convencer a su par norteamericano de que el \u00fanico camino para resolver las diferentes problem\u00e1ticas que comparten ambas naciones, es por la v\u00eda de la diplomacia y conversaciones de alto nivel.<\/p>\n<p>Y aunque ciertamente todas y todos tengamos una fuerte desesperaci\u00f3n por resolver los fen\u00f3menos sociales y econ\u00f3micos que han surgido en estos primeros 25 a\u00f1os del Siglo XXI, nada podr\u00e1 solucionarse si no es mediante las determinaciones civilizadas.<\/p>\n<p>Lo \u00fanico que detendr\u00e1 esta ola mundial de guerra ser\u00eda que cada quien asuma su responsabilidad, y para tal efecto no se requiere ser un poderoso gobernante; basta con que cada uno de nosotros nos se\u00f1alemos claramente los errores y pecados que hemos cometido contra la gente y con el entorno que nos provee de la vida.<\/p>\n<p>Recordemos el 12 de mayo pasado, cuando el Papa Le\u00f3n XIV, en una conversaci\u00f3n que sostuvo con la prensa internacional, dijo lo siguiente:<\/p>\n<p>\u201cLa paz empieza con cada uno de nosotros, en la forma como miramos a los otros, o\u00edmos a los otros y hablamos de los otros\u201d.<\/p>\n<p><strong>\u00a0<\/strong><\/p>\n<p><strong>AM\u00c9RICO VILLARREAL: LA JUSTICIA NO SE QUEDA EN PROMESAS<\/strong><\/p>\n<p>&nbsp;<\/p>\n<p>Otro de los terremotos informativos, suscitado en Tamaulipas, tiene que ver con las recientes declaraciones del Fiscal Anticorrupci\u00f3n, Eduardo Govea Orozco, precisando no s\u00f3lo las 790 carpetas de investigaci\u00f3n, sino el desfalco multimillonario en el que habr\u00eda incurrido el ex gobernador Egidio Torre Cant\u00fa y varios de sus colaboradores de primer nivel, que en materia de pensiones no ofrecieron, de acuerdo a las pesquisas, cuentas claras sobre recursos que ascienden a muchos millones de pesos; una cifra no cuantificada.<\/p>\n<p>El que Govea Orozco trascienda que todas estas carpetas de investigaci\u00f3n y particularmente la que habla del desfalco al IPSSET, antes UPYSSET, tienen un nivel de investigaci\u00f3n \u201csumamente avanzado\u201d, advierte que en cualquier momento habr\u00e1 una serie de \u00f3rdenes de aprehensi\u00f3n que conmocionar\u00e1n a Tamaulipas, gener\u00e1ndose la cuarta ocasi\u00f3n en que otro ex gobernador estar\u00eda siendo perseguido por mandatos de jueces de control.<\/p>\n<p>Los primeros fueron Tom\u00e1s Yarrington y Eugenio Hern\u00e1ndez, estando pendiente de ejecutar un tercer mandamiento judicial contra Francisco Garc\u00eda Cabeza de Vaca, siendo el caso de Torre Cant\u00fa, en la historia moderna de Tamaulipas, el cuarto en ser reclamado por el Poder Judicial de Tamaulipas.<\/p>\n<p>Si las investigaciones trascienden nombres de altos exfuncionarios, es se\u00f1al de que en el gobierno de Am\u00e9rico Villarreal la justicia es una realidad y no s\u00f3lo una promesa.<\/p>\n<p><strong>\u00a0<\/strong><\/p>\n<p><strong>\u00a0<\/strong><\/p>\n<p><strong>REFRENDA AM\u00c9RICO ALIANZA CON MAESTROS; ENTREGA 284 CONDECORACIONES<\/strong><\/p>\n<p>&nbsp;<\/p>\n<p>&nbsp;<\/p>\n<p>Al presidir la entrega de 284 medallas de reconocimiento \u201cMaestro Altamirano\u201d al M\u00e9rito Docente por 40 a\u00f1os de servicios, el gobernador Am\u00e9rico Villarreal afirm\u00f3 que en Tamaulipas son tiempos de unidad en defensa de la educaci\u00f3n, y refrend\u00f3 su alianza con el magisterio.<\/p>\n<p>&nbsp;<\/p>\n<p>\u201cRefrendo nuestra coincidencia en que la educaci\u00f3n p\u00fablica est\u00e9 siempre al servicio de la ni\u00f1ez y de una naci\u00f3n con justicia, independiente y soberana. Ustedes guardan esos principios\u201d, expres\u00f3 el mandatario en la ceremonia celebrada en el Polyforum de esta capital.<\/p>\n<p>&nbsp;<\/p>\n<p>Acompa\u00f1ado por el secretario de Educaci\u00f3n, Miguel \u00c1ngel Valdez Garc\u00eda, y el secretario general de la Secci\u00f3n 30 del SNTE, Arnulfo Rodr\u00edguez Trevi\u00f1o, el gobernador del Estado celebr\u00f3 este reconocimiento a la vocaci\u00f3n, al trabajo diario de las y los maestros con 40 a\u00f1os de servicios.<\/p>\n<p>&nbsp;<\/p>\n<p><strong>\u00a0<\/strong><\/p>\n<p><strong>TOMA PROTESTA CONSEJO DE PROTECCI\u00d3N CIVIL EN VICTORIA<\/strong><\/p>\n<p>&nbsp;<\/p>\n<p>&nbsp;<\/p>\n<p>Como presidente del Consejo Municipal de Protecci\u00f3n Civil, el alcalde de Victoria Eduardo Gatt\u00e1s B\u00e1ez, tom\u00f3 protesta a nuevos integrantes para el per\u00edodo 2024 \u2013 2027, en el marco de la primera sesi\u00f3n ordinaria realizada en la Sala de Cabildo.<\/p>\n<p>&nbsp;<\/p>\n<p>\u201cEn Victoria no reaccionamos tarde y actuamos a tiempo\u201d, asegur\u00f3 Gatt\u00e1s B\u00e1ez al destacar que el gobierno de Victoria colabora y trabaja en equipo con el gobernador Am\u00e9rico Villarreal Anaya e instancias federales.<\/p>\n<p>&nbsp;<\/p>\n<p>Con la asistencia de representantes de los tres niveles de gobierno y sociedad civil, se establecieron acuerdos y acciones de preparaci\u00f3n, prevenci\u00f3n y auxilio para mitigar riesgos ante la formaci\u00f3n de fen\u00f3menos perturbadores.<\/p>\n<p>&nbsp;<\/p>\n<p>En el desarrollo de los trabajos el director general del organismo Cuenca Golfo Norte de la CONAGUA Jaime Gudi\u00f1o Z\u00e1rate, present\u00f3 el pron\u00f3stico de la temporada de lluvias y ciclones tropicales 2025, mientras que el coordinador de Protecci\u00f3n Civil Municipal Livio C\u00e9sar Flores emiti\u00f3 recomendaciones para antes, durante y despu\u00e9s de una contingencia.<\/p>\n<p>&nbsp;<\/p>\n<p>Participaron en los trabajos; Loth Mendiola Ram\u00edrez de CFE, Mario Mata Res\u00e9ndez de la SCT, Jorge Ad\u00e1n Contreras de CMIC, Graciela Guerra \u00c1lvarez de Cruz Roja y la Dra. Zelenney Rodr\u00edguez Mendoza de la Jurisdicci\u00f3n Sanitaria N\u00b0 1.<\/p>\n<p>&nbsp;<\/p>\n<p><strong>\u00a0<\/strong><\/p>\n<p><strong>\u00a1Dese\u00e1ndoles un d\u00eda maravilloso!\u00a0\u00a0\u00a0\u00a0\u00a0\u00a0\u00a0\u00a0\u00a0\u00a0 <\/strong><\/p>\n<p><a href=\"mailto:tessieprimera@hotmail.com\"><strong>tessieprimera@hotmail.com<\/strong><\/a><strong>, @columnaorbe, columnaorbe.wordpress.com<\/strong><\/p>\n","protected":false},"excerpt":{"rendered":"<p>Ola mundial de guerra y un exgobernador de Tamaulipas \u00a0 Ma. Teresa Medina Marroqu\u00edn.- \u00a0 \u00bfLAS ADVERTENCIAS DE TRUMP HABLAN DE UN INMINENTE HONGO NUCLEAR? &nbsp; AM\u00c9RICO VILLARREAL: LA JUSTICIA NO SE QUEDA EN PROMESAS &nbsp; REFRENDA AM\u00c9RICO ALIANZA CON MAESTROS; ENTREGA 284 CONDECORACIONES \u00a0 \u00a0 TOMA PROTESTA CONSEJO DE PROTECCI\u00d3N CIVIL EN VICTORIA &nbsp; [&hellip;]<\/p>\n","protected":false},"author":1,"featured_media":104,"comment_status":"open","ping_status":"closed","sticky":false,"template":"","format":"standard","meta":{"footnotes":""},"categories":[10],"tags":[],"class_list":["post-3182","post","type-post","status-publish","format-standard","has-post-thumbnail","hentry","category-columnistas"],"_links":{"self":[{"href":"https:\/\/dvnoticias.com.mx\/index.php\/wp-json\/wp\/v2\/posts\/3182","targetHints":{"allow":["GET"]}}],"collection":[{"href":"https:\/\/dvnoticias.com.mx\/index.php\/wp-json\/wp\/v2\/posts"}],"about":[{"href":"https:\/\/dvnoticias.com.mx\/index.php\/wp-json\/wp\/v2\/types\/post"}],"author":[{"embeddable":true,"href":"https:\/\/dvnoticias.com.mx\/index.php\/wp-json\/wp\/v2\/users\/1"}],"replies":[{"embeddable":true,"href":"https:\/\/dvnoticias.com.mx\/index.php\/wp-json\/wp\/v2\/comments?post=3182"}],"version-history":[{"count":1,"href":"https:\/\/dvnoticias.com.mx\/index.php\/wp-json\/wp\/v2\/posts\/3182\/revisions"}],"predecessor-version":[{"id":3183,"href":"https:\/\/dvnoticias.com.mx\/index.php\/wp-json\/wp\/v2\/posts\/3182\/revisions\/3183"}],"wp:featuredmedia":[{"embeddable":true,"href":"https:\/\/dvnoticias.com.mx\/index.php\/wp-json\/wp\/v2\/media\/104"}],"wp:attachment":[{"href":"https:\/\/dvnoticias.com.mx\/index.php\/wp-json\/wp\/v2\/media?parent=3182"}],"wp:term":[{"taxonomy":"category","embeddable":true,"href":"https:\/\/dvnoticias.com.mx\/index.php\/wp-json\/wp\/v2\/categories?post=3182"},{"taxonomy":"post_tag","embeddable":true,"href":"https:\/\/dvnoticias.com.mx\/index.php\/wp-json\/wp\/v2\/tags?post=3182"}],"curies":[{"name":"wp","href":"https:\/\/api.w.org\/{rel}","templated":true}]}}