{"id":3177,"date":"2025-06-18T19:00:16","date_gmt":"2025-06-19T01:00:16","guid":{"rendered":"https:\/\/dvnoticias.com.mx\/?p=3177"},"modified":"2025-06-19T20:25:30","modified_gmt":"2025-06-19T20:25:30","slug":"a-ciudad-madero-llega-rutas-magicas-del-color-para-transformar-hogares-erasmo-gonzalez","status":"publish","type":"post","link":"https:\/\/dvnoticias.com.mx\/index.php\/2025\/06\/18\/a-ciudad-madero-llega-rutas-magicas-del-color-para-transformar-hogares-erasmo-gonzalez\/","title":{"rendered":"A Ciudad Madero llega \u201cRutas M\u00e1gicas del Color\u201d para transformar hogares: Erasmo Gonz\u00e1lez"},"content":{"rendered":"<p>Cd. Madero, Tamaulipas.- En un evento de gran relevancia para la transformaci\u00f3n de la imagen urbana de Ciudad Madero, el presidente municipal Erasmo Gonz\u00e1lez Robledo y el director de la Fundaci\u00f3n Civil Coraz\u00f3n Urbano, Lic. Armando Reza Becerril, firmaron convenios destinados a la rehabilitaci\u00f3n de viviendas y a la mejora de espacios tur\u00edsticos.<\/p>\n<p>Este acuerdo tiene como finalidad fortalecer el sentido de pertenencia y la identidad de la comunidad con su entorno. Con los programas \u201cTransformando Hogares\u201d y \u201cRutas M\u00e1gicas del Color\u201d, se revitalizar\u00e1n viviendas verticales y horizontales mediante el uso de paletas de colores.<\/p>\n<p>Fue un acto hist\u00f3rico donde tambi\u00e9n se cont\u00f3 con la presencia de la presidenta del sistema para el Desarrollo Integral de la Familia Lic. Dunia Mar\u00f3n Acu\u00f1a; as\u00ed como s\u00edndicos y regidores; adem\u00e1s en representaci\u00f3n del secretario de Turismo en el Estado Benjam\u00edn Rodr\u00edguez Hern\u00e1ndez, asisti\u00f3 la Lic. Mar\u00eda Amos Cavazos Bustamante, Subsecretaria de Infraestructura y Productos Tur\u00edsticos; la directora del Instituto Metropolitano de Planeaci\u00f3n (IMEPLAN) Mar\u00eda Silvia Montalvo Tello; las directoras generales de Turismo Mariana Varela Garza y de Desarrollo Urbano, Natalia Jasso Vega; en representaci\u00f3n de las vecinas y vecinos Luz Elena Hern\u00e1ndez Morales.<\/p>\n<p>Erasmo Gonz\u00e1lez destac\u00f3 que las acciones estar\u00e1n en m\u00e1s de 70 mil metros cuadrados de pintura de fachadas para transformar viviendas en diversas \u00e1reas, como Arboledas, Hidalgo Oriente, Luna Luna, L\u00e1zaro C\u00e1rdenas y H\u00e9roes de Nacozari, entre otras. Este esfuerzo se llevar\u00e1 a cabo trabajando de la mano de la gente, muy cercana a ella, donde cada edificio del programa de imagen urbana \u201cTransformando Hogares\u201d y \u201cRutas M\u00e1gicas del Color\u201d contribuir\u00e1 a crear una nueva narrativa en Ciudad Madero, promoviendo un mayor bienestar y fortaleciendo el tejido social de las familias del municipio.<\/p>\n<p>Erasmo Gonz\u00e1lez, hizo un amplio reconocimiento a su Cabildo en pleno, porque gracias a ellos, que arranque este programa hist\u00f3rico en Ciudad Madero, como es el programa \u201cTransformando Hogares\u201d, un compromiso que vamos a cumplir en gran parte este a\u00f1o y que en el pr\u00f3ximo le daremos continuidad como en Miramapolis, donde tambi\u00e9n vamos a llegar con estas \u201cRutas M\u00e1gicas del Color\u201d.<\/p>\n<p>&nbsp;<\/p>\n<p>EDIFICIOS DE COLORES<\/p>\n<p>Aqu\u00ed en Ciudad Madero es gente de primera, todos saben que tienen derecho, a la educaci\u00f3n, a los servicios p\u00fablicos, a vivir en paz y con tranquilidad, es un derecho inalienable, nadie no los puede quitar, ni arrebatar, pero tambi\u00e9n la gente de Madero, sabe que, para ser un ciudadano primera, tiene obligaciones. Y estos son aprender a convivir, a respetarse, a tirar la basura en su lugar, a respetar a los vecinos, los reglamentos, respetar todo. Esa es la gente de primera y esa es la gente que vive aqu\u00ed en Ciudad Madero, asegur\u00f3 el director de la Fundaci\u00f3n Civil Coraz\u00f3n Urbano, Lic. Armando Reza Becerril<\/p>\n<p>Abund\u00f3, gente de primera; por eso es por lo que nos dimos a la tarea de crear este programa que busca devolver el color, la dignidad, fortalecer el tejido social, recuperar su sentido de identidad y pertenencia, que la gente de Arboledas diga con orgullo, yo vivo en la Arboledas, que los edificios que tienen colores, que tienen vida, que ah\u00ed vive gente de paz, que hay gente trabajadora. Esto es lo importante de este programa que aprendan a convivir, de sentir el orgullo de ser maderenses, de vivir en esta tierra, de ser due\u00f1os de un pedacito de Ciudad Madero.<\/p>\n","protected":false},"excerpt":{"rendered":"<p>Cd. Madero, Tamaulipas.- En un evento de gran relevancia para la transformaci\u00f3n de la imagen urbana de Ciudad Madero, el presidente municipal Erasmo Gonz\u00e1lez Robledo y el director de la Fundaci\u00f3n Civil Coraz\u00f3n Urbano, Lic. Armando Reza Becerril, firmaron convenios destinados a la rehabilitaci\u00f3n de viviendas y a la mejora de espacios tur\u00edsticos. Este acuerdo [&hellip;]<\/p>\n","protected":false},"author":1,"featured_media":3179,"comment_status":"open","ping_status":"closed","sticky":false,"template":"","format":"standard","meta":{"footnotes":""},"categories":[9],"tags":[],"class_list":["post-3177","post","type-post","status-publish","format-standard","has-post-thumbnail","hentry","category-zona-conurbada-del-sur"],"_links":{"self":[{"href":"https:\/\/dvnoticias.com.mx\/index.php\/wp-json\/wp\/v2\/posts\/3177","targetHints":{"allow":["GET"]}}],"collection":[{"href":"https:\/\/dvnoticias.com.mx\/index.php\/wp-json\/wp\/v2\/posts"}],"about":[{"href":"https:\/\/dvnoticias.com.mx\/index.php\/wp-json\/wp\/v2\/types\/post"}],"author":[{"embeddable":true,"href":"https:\/\/dvnoticias.com.mx\/index.php\/wp-json\/wp\/v2\/users\/1"}],"replies":[{"embeddable":true,"href":"https:\/\/dvnoticias.com.mx\/index.php\/wp-json\/wp\/v2\/comments?post=3177"}],"version-history":[{"count":1,"href":"https:\/\/dvnoticias.com.mx\/index.php\/wp-json\/wp\/v2\/posts\/3177\/revisions"}],"predecessor-version":[{"id":3178,"href":"https:\/\/dvnoticias.com.mx\/index.php\/wp-json\/wp\/v2\/posts\/3177\/revisions\/3178"}],"wp:featuredmedia":[{"embeddable":true,"href":"https:\/\/dvnoticias.com.mx\/index.php\/wp-json\/wp\/v2\/media\/3179"}],"wp:attachment":[{"href":"https:\/\/dvnoticias.com.mx\/index.php\/wp-json\/wp\/v2\/media?parent=3177"}],"wp:term":[{"taxonomy":"category","embeddable":true,"href":"https:\/\/dvnoticias.com.mx\/index.php\/wp-json\/wp\/v2\/categories?post=3177"},{"taxonomy":"post_tag","embeddable":true,"href":"https:\/\/dvnoticias.com.mx\/index.php\/wp-json\/wp\/v2\/tags?post=3177"}],"curies":[{"name":"wp","href":"https:\/\/api.w.org\/{rel}","templated":true}]}}