{"id":3162,"date":"2025-06-18T18:00:20","date_gmt":"2025-06-19T00:00:20","guid":{"rendered":"https:\/\/dvnoticias.com.mx\/?p=3162"},"modified":"2025-06-19T20:18:32","modified_gmt":"2025-06-19T20:18:32","slug":"entrega-alcalde-nombramientos-a-delegados-ejidales","status":"publish","type":"post","link":"https:\/\/dvnoticias.com.mx\/index.php\/2025\/06\/18\/entrega-alcalde-nombramientos-a-delegados-ejidales\/","title":{"rendered":"Entrega alcalde nombramientos a delegados ejidales."},"content":{"rendered":"<p>Cd. Victoria, Tamaulipas. &#8211; El presidente municipal de Victoria Eduardo Gatt\u00e1s B\u00e1ez, acompa\u00f1ado de su esposa Lucy de Gatt\u00e1s, tom\u00f3 protesta a 44 delegados que representar\u00e1n la gesti\u00f3n del Gobierno Municipal en ejidos y comunidades que conforman el territorio rural de Victoria.<\/p>\n<p>Las mujeres y hombres del campo fueron electos de forma democr\u00e1tica por habitantes de sus comunidades, para, con voluntad y servicio, resolver los problemas y necesidades que mejoren el bienestar de las familias y actividad agr\u00edcola de la zona rural.<\/p>\n<p>\u201cConstruiremos puentes de comunicaci\u00f3n y colaboraci\u00f3n\u201d, dijo Mar\u00eda Felicitas Zurita Hern\u00e1ndez delegada del ejido San Juan y el Ranchito, quien a nombre de los 44 delegados municipales se comprometi\u00f3 a colaborar, escuchar, constatar y canalizar las necesidades de las familias del campo.<\/p>\n<p>El alcalde Eduardo Gatt\u00e1s B\u00e1ez, sell\u00f3 el compromiso con los nuevos delegados al refrendar su respaldo en la nueva etapa de colaboraci\u00f3n y servicio, exhort\u00e1ndolos a representar con honestidad, sentido com\u00fan y defender con orgullo a sus comunidades.<\/p>\n<p>En la toma de protesta participaron el Secretario del Ayuntamiento Hugo Res\u00e9ndez Silva, el regidor presidente de la Comisi\u00f3n de Fomento y Productividad Rural Humberto Mar\u00edn Estrada, la Secretaria de Bienestar Social Lorena Zapata Medina y el secretario de Desarrollo Rural Narciso P\u00e1ez Medina.<\/p>\n","protected":false},"excerpt":{"rendered":"<p>Cd. Victoria, Tamaulipas. &#8211; El presidente municipal de Victoria Eduardo Gatt\u00e1s B\u00e1ez, acompa\u00f1ado de su esposa Lucy de Gatt\u00e1s, tom\u00f3 protesta a 44 delegados que representar\u00e1n la gesti\u00f3n del Gobierno Municipal en ejidos y comunidades que conforman el territorio rural de Victoria. Las mujeres y hombres del campo fueron electos de forma democr\u00e1tica por habitantes [&hellip;]<\/p>\n","protected":false},"author":1,"featured_media":3164,"comment_status":"open","ping_status":"closed","sticky":false,"template":"","format":"standard","meta":{"footnotes":""},"categories":[2],"tags":[],"class_list":["post-3162","post","type-post","status-publish","format-standard","has-post-thumbnail","hentry","category-local"],"_links":{"self":[{"href":"https:\/\/dvnoticias.com.mx\/index.php\/wp-json\/wp\/v2\/posts\/3162","targetHints":{"allow":["GET"]}}],"collection":[{"href":"https:\/\/dvnoticias.com.mx\/index.php\/wp-json\/wp\/v2\/posts"}],"about":[{"href":"https:\/\/dvnoticias.com.mx\/index.php\/wp-json\/wp\/v2\/types\/post"}],"author":[{"embeddable":true,"href":"https:\/\/dvnoticias.com.mx\/index.php\/wp-json\/wp\/v2\/users\/1"}],"replies":[{"embeddable":true,"href":"https:\/\/dvnoticias.com.mx\/index.php\/wp-json\/wp\/v2\/comments?post=3162"}],"version-history":[{"count":1,"href":"https:\/\/dvnoticias.com.mx\/index.php\/wp-json\/wp\/v2\/posts\/3162\/revisions"}],"predecessor-version":[{"id":3163,"href":"https:\/\/dvnoticias.com.mx\/index.php\/wp-json\/wp\/v2\/posts\/3162\/revisions\/3163"}],"wp:featuredmedia":[{"embeddable":true,"href":"https:\/\/dvnoticias.com.mx\/index.php\/wp-json\/wp\/v2\/media\/3164"}],"wp:attachment":[{"href":"https:\/\/dvnoticias.com.mx\/index.php\/wp-json\/wp\/v2\/media?parent=3162"}],"wp:term":[{"taxonomy":"category","embeddable":true,"href":"https:\/\/dvnoticias.com.mx\/index.php\/wp-json\/wp\/v2\/categories?post=3162"},{"taxonomy":"post_tag","embeddable":true,"href":"https:\/\/dvnoticias.com.mx\/index.php\/wp-json\/wp\/v2\/tags?post=3162"}],"curies":[{"name":"wp","href":"https:\/\/api.w.org\/{rel}","templated":true}]}}