{"id":3156,"date":"2025-06-16T19:00:25","date_gmt":"2025-06-17T01:00:25","guid":{"rendered":"https:\/\/dvnoticias.com.mx\/?p=3156"},"modified":"2025-06-19T20:15:45","modified_gmt":"2025-06-19T20:15:45","slug":"visitan-menores-de-la-casa-hogar-y-casan-el-zoologico-tamatan-en-ciudad-victoria","status":"publish","type":"post","link":"https:\/\/dvnoticias.com.mx\/index.php\/2025\/06\/16\/visitan-menores-de-la-casa-hogar-y-casan-el-zoologico-tamatan-en-ciudad-victoria\/","title":{"rendered":"Visitan Menores de la Casa Hogar y CASAN el Zool\u00f3gico Tamat\u00e1n en Ciudad Victoria"},"content":{"rendered":"<p>Tampico, Tamaulipas.- Los menores de Casa Hogar y centro CASAN, disfrutaron un extraordinario fin de semana, en Ciudad Victoria acompa\u00f1ados por la Presidenta del Sistema DIF Tampico, Dra. Luz Adriana Villarreal Anaya, para conocer el Zool\u00f3gico y el Parque Recreativo Tamat\u00e1n, as\u00ed como el Museo TAMux.<\/p>\n<p>La titular del organismo, reconoci\u00f3 que la atenci\u00f3n a los ni\u00f1os, ni\u00f1as y j\u00f3venes, es una prioridad del organismo, por ello, dijo, constantemente se realizan actividades recreativas y de aprendizaje, donde los menores participan activamente.<\/p>\n<p>\u201cEn esta ocasi\u00f3n los llevamos a la capital de nuestro Estado, Ciudad Victoria, donde disfrutaron al m\u00e1ximo del recorrido que llevaron a cabo por el zool\u00f3gico y parque recreativo Tamat\u00e1n, as\u00ed como por el Museo Tamux.<\/p>\n<p>Signific\u00f3 una gran experiencia para ellos, lo disfrutaron mucho adem\u00e1s en cada uno de estos lugares que visitaron estuvieron muy apapachados\u201d, se\u00f1al\u00f3.<\/p>\n<p>La experiencia vivida por los menores de Casa Hogar y Casan en el Parque Recreativo y zool\u00f3gico Tamat\u00e1n; as\u00ed como el Museo Tamux fue \u00fanica y extraordinaria dej\u00e1ndoles una huella imborrable en su desarrollo.<\/p>\n<p>La Presidenta del Sistema DIF Tampico, reiter\u00f3 su compromiso con el bienestar y cuidado de la ni\u00f1ez, especialmente con aquellos que atraviesan condiciones de vulnerabilidad; destacando que los menores de la Casa Hogar y de CASAN recibir\u00e1n siempre una atenci\u00f3n y cuidado\u00a0 con amor y de calidad.<\/p>\n","protected":false},"excerpt":{"rendered":"<p>Tampico, Tamaulipas.- Los menores de Casa Hogar y centro CASAN, disfrutaron un extraordinario fin de semana, en Ciudad Victoria acompa\u00f1ados por la Presidenta del Sistema DIF Tampico, Dra. Luz Adriana Villarreal Anaya, para conocer el Zool\u00f3gico y el Parque Recreativo Tamat\u00e1n, as\u00ed como el Museo TAMux. La titular del organismo, reconoci\u00f3 que la atenci\u00f3n a [&hellip;]<\/p>\n","protected":false},"author":1,"featured_media":3158,"comment_status":"open","ping_status":"closed","sticky":false,"template":"","format":"standard","meta":{"footnotes":""},"categories":[9],"tags":[],"class_list":["post-3156","post","type-post","status-publish","format-standard","has-post-thumbnail","hentry","category-zona-conurbada-del-sur"],"_links":{"self":[{"href":"https:\/\/dvnoticias.com.mx\/index.php\/wp-json\/wp\/v2\/posts\/3156","targetHints":{"allow":["GET"]}}],"collection":[{"href":"https:\/\/dvnoticias.com.mx\/index.php\/wp-json\/wp\/v2\/posts"}],"about":[{"href":"https:\/\/dvnoticias.com.mx\/index.php\/wp-json\/wp\/v2\/types\/post"}],"author":[{"embeddable":true,"href":"https:\/\/dvnoticias.com.mx\/index.php\/wp-json\/wp\/v2\/users\/1"}],"replies":[{"embeddable":true,"href":"https:\/\/dvnoticias.com.mx\/index.php\/wp-json\/wp\/v2\/comments?post=3156"}],"version-history":[{"count":1,"href":"https:\/\/dvnoticias.com.mx\/index.php\/wp-json\/wp\/v2\/posts\/3156\/revisions"}],"predecessor-version":[{"id":3157,"href":"https:\/\/dvnoticias.com.mx\/index.php\/wp-json\/wp\/v2\/posts\/3156\/revisions\/3157"}],"wp:featuredmedia":[{"embeddable":true,"href":"https:\/\/dvnoticias.com.mx\/index.php\/wp-json\/wp\/v2\/media\/3158"}],"wp:attachment":[{"href":"https:\/\/dvnoticias.com.mx\/index.php\/wp-json\/wp\/v2\/media?parent=3156"}],"wp:term":[{"taxonomy":"category","embeddable":true,"href":"https:\/\/dvnoticias.com.mx\/index.php\/wp-json\/wp\/v2\/categories?post=3156"},{"taxonomy":"post_tag","embeddable":true,"href":"https:\/\/dvnoticias.com.mx\/index.php\/wp-json\/wp\/v2\/tags?post=3156"}],"curies":[{"name":"wp","href":"https:\/\/api.w.org\/{rel}","templated":true}]}}