{"id":3136,"date":"2025-06-14T18:00:20","date_gmt":"2025-06-15T00:00:20","guid":{"rendered":"https:\/\/dvnoticias.com.mx\/?p=3136"},"modified":"2025-06-19T18:30:37","modified_gmt":"2025-06-19T18:30:37","slug":"celebra-sedener-dia-mundial-del-viento-con-carrera-ciclista","status":"publish","type":"post","link":"https:\/\/dvnoticias.com.mx\/index.php\/2025\/06\/14\/celebra-sedener-dia-mundial-del-viento-con-carrera-ciclista\/","title":{"rendered":"Celebra SEDENER D\u00eda Mundial del Viento con carrera ciclista"},"content":{"rendered":"<p>Ciudad Victoria, Tamaulipas.- Como parte de las celebraciones por el D\u00eda Mundial del Viento, el secretario de Desarrollo Energ\u00e9tico de Tamaulipas, Walter Juli\u00e1n \u00c1ngel Jim\u00e9nez y su equipo de trabajo participaron en la carrera ciclista realizada en el parque e\u00f3lico Mesa, La Paz.<\/p>\n<p>En colaboraci\u00f3n con la empresa GEMEX, encargada de administrar este parque e\u00f3lico, se dieron cita m\u00e1s de 100 ciclistas para conmemorar este importante d\u00eda.<\/p>\n<p>En su intervenci\u00f3n, \u00c1ngel Jim\u00e9nez destac\u00f3 la importancia de este d\u00eda, ya que Tamaulipas es uno de los principales estados de generaci\u00f3n de energ\u00eda a partir del viento.<\/p>\n<p>As\u00ed mismo, invit\u00f3 a las y los asistentes a participar en la carrera \u201cCorre como el viento\u201d, este pr\u00f3ximo 15 de junio en la capital del estado.<\/p>\n","protected":false},"excerpt":{"rendered":"<p>Ciudad Victoria, Tamaulipas.- Como parte de las celebraciones por el D\u00eda Mundial del Viento, el secretario de Desarrollo Energ\u00e9tico de Tamaulipas, Walter Juli\u00e1n \u00c1ngel Jim\u00e9nez y su equipo de trabajo participaron en la carrera ciclista realizada en el parque e\u00f3lico Mesa, La Paz. En colaboraci\u00f3n con la empresa GEMEX, encargada de administrar este parque e\u00f3lico, [&hellip;]<\/p>\n","protected":false},"author":1,"featured_media":3138,"comment_status":"open","ping_status":"closed","sticky":false,"template":"","format":"standard","meta":{"footnotes":""},"categories":[3],"tags":[],"class_list":["post-3136","post","type-post","status-publish","format-standard","has-post-thumbnail","hentry","category-estatal"],"_links":{"self":[{"href":"https:\/\/dvnoticias.com.mx\/index.php\/wp-json\/wp\/v2\/posts\/3136","targetHints":{"allow":["GET"]}}],"collection":[{"href":"https:\/\/dvnoticias.com.mx\/index.php\/wp-json\/wp\/v2\/posts"}],"about":[{"href":"https:\/\/dvnoticias.com.mx\/index.php\/wp-json\/wp\/v2\/types\/post"}],"author":[{"embeddable":true,"href":"https:\/\/dvnoticias.com.mx\/index.php\/wp-json\/wp\/v2\/users\/1"}],"replies":[{"embeddable":true,"href":"https:\/\/dvnoticias.com.mx\/index.php\/wp-json\/wp\/v2\/comments?post=3136"}],"version-history":[{"count":1,"href":"https:\/\/dvnoticias.com.mx\/index.php\/wp-json\/wp\/v2\/posts\/3136\/revisions"}],"predecessor-version":[{"id":3137,"href":"https:\/\/dvnoticias.com.mx\/index.php\/wp-json\/wp\/v2\/posts\/3136\/revisions\/3137"}],"wp:featuredmedia":[{"embeddable":true,"href":"https:\/\/dvnoticias.com.mx\/index.php\/wp-json\/wp\/v2\/media\/3138"}],"wp:attachment":[{"href":"https:\/\/dvnoticias.com.mx\/index.php\/wp-json\/wp\/v2\/media?parent=3136"}],"wp:term":[{"taxonomy":"category","embeddable":true,"href":"https:\/\/dvnoticias.com.mx\/index.php\/wp-json\/wp\/v2\/categories?post=3136"},{"taxonomy":"post_tag","embeddable":true,"href":"https:\/\/dvnoticias.com.mx\/index.php\/wp-json\/wp\/v2\/tags?post=3136"}],"curies":[{"name":"wp","href":"https:\/\/api.w.org\/{rel}","templated":true}]}}