{"id":3059,"date":"2025-06-11T18:00:32","date_gmt":"2025-06-12T00:00:32","guid":{"rendered":"https:\/\/dvnoticias.com.mx\/?p=3059"},"modified":"2025-06-12T19:19:49","modified_gmt":"2025-06-12T19:19:49","slug":"tania-contreras-lopez-magistrada-electa-del-supremo-tribunal-de-justicia-de-tamaulipas-asume-con-firmeza-su-compromiso-con-la-transformacion-del-poder-judicial","status":"publish","type":"post","link":"https:\/\/dvnoticias.com.mx\/index.php\/2025\/06\/11\/tania-contreras-lopez-magistrada-electa-del-supremo-tribunal-de-justicia-de-tamaulipas-asume-con-firmeza-su-compromiso-con-la-transformacion-del-poder-judicial\/","title":{"rendered":"Tania Contreras L\u00f3pez, magistrada electa del Supremo Tribunal de Justicia de Tamaulipas, asume con firmeza su compromiso con la transformaci\u00f3n del Poder Judicial"},"content":{"rendered":"<p>Patricio Lerma<\/p>\n<p>&nbsp;<\/p>\n<p>Ciudad Victoria, Tamaulipas. \u2013 En un evento marcado por la emoci\u00f3n y el compromiso c\u00edvico, Tania Contreras L\u00f3pez recibi\u00f3 la constancia que la acredita como magistrada electa del Supremo Tribunal de Justicia de Tamaulipas, en el marco de un proceso in\u00e9dito en la historia judicial del estado, al haber sido resultado de un mandato popular.<\/p>\n<p>Durante su mensaje, Contreras L\u00f3pez destac\u00f3 la trascendencia de este momento, al se\u00f1alar que la designaci\u00f3n no representa \u00fanicamente una distinci\u00f3n individual, sino un mandato popular que implica una \u201cresponsabilidad hist\u00f3rica y humana\u201d para con el pueblo tamaulipeco.<\/p>\n<p>\u201cHoy, por primera vez, el Poder Judicial se construye desde la voluntad popular, desde la esperanza colectiva de un mejor sistema de justicia, desde la necesidad de un poder cercano, confiable, profesional y, sobre todo, profundamente humano\u201d, expres\u00f3 la magistrada electa ante autoridades electorales, representantes de los poderes Ejecutivo y Legislativo, medios de comunicaci\u00f3n y ciudadanos presentes.<\/p>\n<p>Agradeci\u00f3 al Instituto Electoral de Tamaulipas por garantizar un proceso democr\u00e1tico a la altura de las circunstancias, as\u00ed como al gobernador del Estado y al Poder Legislativo por respetar la autonom\u00eda de los poderes en la transformaci\u00f3n del sistema judicial.<\/p>\n<p>Contreras L\u00f3pez remarc\u00f3 que este nuevo poder judicial estar\u00e1 conformado por personas cuya \u00fanica lealtad es con el pueblo. \u201cNo llegamos hasta aqu\u00ed para administrar inercias ni repetir esquemas del pasado. Hemos llegado a transformar, a hacer de la justicia parte de la dignidad humana\u201d, sentenci\u00f3.<\/p>\n<p>Asimismo, hizo un llamado a la unidad y a dejar atr\u00e1s la contienda electoral para enfocarse en una nueva etapa de trabajo conjunto por el bienestar del estado. Subray\u00f3 que el mandato popular exige una transformaci\u00f3n profunda del sistema judicial, misma que comenzar\u00e1 de inmediato y se consolidar\u00e1 a partir del pr\u00f3ximo primero de octubre.<\/p>\n<p>\u201cEs tiempo de darle la vuelta a la p\u00e1gina, de sumar, de concentrarnos en la refundaci\u00f3n del Poder Judicial\u201d, puntualiz\u00f3.<\/p>\n<p>La jornada concluy\u00f3 con una fotograf\u00eda conmemorativa de las y los electos, acompa\u00f1ada de un mensaje de felicitaci\u00f3n y los mejores augurios para quienes integrar\u00e1n las nuevas estructuras institucionales.<\/p>\n","protected":false},"excerpt":{"rendered":"<p>Patricio Lerma &nbsp; Ciudad Victoria, Tamaulipas. \u2013 En un evento marcado por la emoci\u00f3n y el compromiso c\u00edvico, Tania Contreras L\u00f3pez recibi\u00f3 la constancia que la acredita como magistrada electa del Supremo Tribunal de Justicia de Tamaulipas, en el marco de un proceso in\u00e9dito en la historia judicial del estado, al haber sido resultado de [&hellip;]<\/p>\n","protected":false},"author":1,"featured_media":3061,"comment_status":"open","ping_status":"closed","sticky":false,"template":"","format":"standard","meta":{"footnotes":""},"categories":[3],"tags":[],"class_list":["post-3059","post","type-post","status-publish","format-standard","has-post-thumbnail","hentry","category-estatal"],"_links":{"self":[{"href":"https:\/\/dvnoticias.com.mx\/index.php\/wp-json\/wp\/v2\/posts\/3059","targetHints":{"allow":["GET"]}}],"collection":[{"href":"https:\/\/dvnoticias.com.mx\/index.php\/wp-json\/wp\/v2\/posts"}],"about":[{"href":"https:\/\/dvnoticias.com.mx\/index.php\/wp-json\/wp\/v2\/types\/post"}],"author":[{"embeddable":true,"href":"https:\/\/dvnoticias.com.mx\/index.php\/wp-json\/wp\/v2\/users\/1"}],"replies":[{"embeddable":true,"href":"https:\/\/dvnoticias.com.mx\/index.php\/wp-json\/wp\/v2\/comments?post=3059"}],"version-history":[{"count":1,"href":"https:\/\/dvnoticias.com.mx\/index.php\/wp-json\/wp\/v2\/posts\/3059\/revisions"}],"predecessor-version":[{"id":3060,"href":"https:\/\/dvnoticias.com.mx\/index.php\/wp-json\/wp\/v2\/posts\/3059\/revisions\/3060"}],"wp:featuredmedia":[{"embeddable":true,"href":"https:\/\/dvnoticias.com.mx\/index.php\/wp-json\/wp\/v2\/media\/3061"}],"wp:attachment":[{"href":"https:\/\/dvnoticias.com.mx\/index.php\/wp-json\/wp\/v2\/media?parent=3059"}],"wp:term":[{"taxonomy":"category","embeddable":true,"href":"https:\/\/dvnoticias.com.mx\/index.php\/wp-json\/wp\/v2\/categories?post=3059"},{"taxonomy":"post_tag","embeddable":true,"href":"https:\/\/dvnoticias.com.mx\/index.php\/wp-json\/wp\/v2\/tags?post=3059"}],"curies":[{"name":"wp","href":"https:\/\/api.w.org\/{rel}","templated":true}]}}