{"id":3003,"date":"2025-06-04T19:00:15","date_gmt":"2025-06-05T01:00:15","guid":{"rendered":"https:\/\/dvnoticias.com.mx\/?p=3003"},"modified":"2025-06-11T21:04:28","modified_gmt":"2025-06-11T21:04:28","slug":"promueve-monica-villarreal-profesionalizacion-del-servicio-publico-en-tampico","status":"publish","type":"post","link":"https:\/\/dvnoticias.com.mx\/index.php\/2025\/06\/04\/promueve-monica-villarreal-profesionalizacion-del-servicio-publico-en-tampico\/","title":{"rendered":"Promueve M\u00f3nica Villarreal Profesionalizaci\u00f3n del Servicio P\u00fablico en Tampico"},"content":{"rendered":"<p>Tampico, Tamaulipas.- Con el prop\u00f3sito de mejorar la funci\u00f3n p\u00fablica, homologar criterios y definir objetivos en beneficio de la poblaci\u00f3n tampique\u00f1a se llev\u00f3 a cabo un interesante taller de capacitaci\u00f3n orientado a los servidores p\u00fablicos del Ayuntamiento de Tampico y del Sistema DIF municipal.<\/p>\n<p>Al encabezar los trabajos, efectuados en el Centro de Convenciones Expo Tampico, la alcaldesa M\u00f3nica Villarreal Anaya expuso que mediante este modelo de capacitaci\u00f3n continua denominado \u201cProfesionalizaci\u00f3n en el Servicio P\u00fablico Municipal\u201d, se garantiza una mejor atenci\u00f3n a la ciudadan\u00eda.<\/p>\n<p>Villarreal Anaya, acompa\u00f1ada del Secretario del Trabajo de Tamaulipas, Luis Gerardo Illoldi Reyes y por el Secretario T\u00e9cnico del municipio, Jos\u00e9 Luis Celestino Fern\u00e1ndez, asegur\u00f3 que con estas acciones se busca fortalecer las capacidades y habilidades de los servidores p\u00fablicos, as\u00ed como implementar procesos de selecci\u00f3n y capacitaci\u00f3n m\u00e1s rigurosos y fomentar una cultura de servicio y compromiso con la ciudadan\u00eda.<\/p>\n<p>\u201cEstamos muy contentos, porque hoy me acompa\u00f1an los funcionarios de primer nivel; quienes toman las decisiones en el Ayuntamiento junto conmigo; y que tienen, desde luego, el compromiso de que cada \u00e1rea de la administraci\u00f3n cumpla con calidad, calidez y esp\u00edritu humanista sus funciones y responsabilidades\u201d.<\/p>\n<p>La primera autoridad en el municipio indic\u00f3 que en el taller de capacitaci\u00f3n participaron m\u00e1s de 300 trabajadores municipales de las distintas secretar\u00edas y direccciones, as\u00ed como tambi\u00e9n personal del Sistema DIF Tampico.<\/p>\n<p>Subray\u00f3 que con estas acciones se da muestra de ese gobierno humano, sensible y cercano a la gente, pero sobretodo de un gobierno comprometido con el servicio a la ciudadan\u00eda.<\/p>\n<p>\u201cEstamos buscando esa manera de profesionalizar a los servidores p\u00fablicos, profesionalizar el quehacer diario para reflejar esa visi\u00f3n que tenemos de un Tampico para todos, esa visi\u00f3n en donde actuemos con calidez, con calidad, con eficacia, con productitud y sobre todo reflejando la transparencia en el actuar\u201d, puntualiz\u00f3.<\/p>\n<p>En el evento tambi\u00e9n se cont\u00f3 con la presencia del Dr. Humberto Granados Cepeda, Director General del DIF en representaci\u00f3n de la Presidenta del DIF Dra. Luz Adriana Villarreal Anaya y del Director de Capacitaci\u00f3n y Productividad, Jes\u00fas Mart\u00ednez Redig Marroqu\u00edn.<\/p>\n","protected":false},"excerpt":{"rendered":"<p>Tampico, Tamaulipas.- Con el prop\u00f3sito de mejorar la funci\u00f3n p\u00fablica, homologar criterios y definir objetivos en beneficio de la poblaci\u00f3n tampique\u00f1a se llev\u00f3 a cabo un interesante taller de capacitaci\u00f3n orientado a los servidores p\u00fablicos del Ayuntamiento de Tampico y del Sistema DIF municipal. Al encabezar los trabajos, efectuados en el Centro de Convenciones Expo [&hellip;]<\/p>\n","protected":false},"author":1,"featured_media":3005,"comment_status":"open","ping_status":"closed","sticky":false,"template":"","format":"standard","meta":{"footnotes":""},"categories":[9],"tags":[],"class_list":["post-3003","post","type-post","status-publish","format-standard","has-post-thumbnail","hentry","category-zona-conurbada-del-sur"],"_links":{"self":[{"href":"https:\/\/dvnoticias.com.mx\/index.php\/wp-json\/wp\/v2\/posts\/3003","targetHints":{"allow":["GET"]}}],"collection":[{"href":"https:\/\/dvnoticias.com.mx\/index.php\/wp-json\/wp\/v2\/posts"}],"about":[{"href":"https:\/\/dvnoticias.com.mx\/index.php\/wp-json\/wp\/v2\/types\/post"}],"author":[{"embeddable":true,"href":"https:\/\/dvnoticias.com.mx\/index.php\/wp-json\/wp\/v2\/users\/1"}],"replies":[{"embeddable":true,"href":"https:\/\/dvnoticias.com.mx\/index.php\/wp-json\/wp\/v2\/comments?post=3003"}],"version-history":[{"count":1,"href":"https:\/\/dvnoticias.com.mx\/index.php\/wp-json\/wp\/v2\/posts\/3003\/revisions"}],"predecessor-version":[{"id":3004,"href":"https:\/\/dvnoticias.com.mx\/index.php\/wp-json\/wp\/v2\/posts\/3003\/revisions\/3004"}],"wp:featuredmedia":[{"embeddable":true,"href":"https:\/\/dvnoticias.com.mx\/index.php\/wp-json\/wp\/v2\/media\/3005"}],"wp:attachment":[{"href":"https:\/\/dvnoticias.com.mx\/index.php\/wp-json\/wp\/v2\/media?parent=3003"}],"wp:term":[{"taxonomy":"category","embeddable":true,"href":"https:\/\/dvnoticias.com.mx\/index.php\/wp-json\/wp\/v2\/categories?post=3003"},{"taxonomy":"post_tag","embeddable":true,"href":"https:\/\/dvnoticias.com.mx\/index.php\/wp-json\/wp\/v2\/tags?post=3003"}],"curies":[{"name":"wp","href":"https:\/\/api.w.org\/{rel}","templated":true}]}}