{"id":2952,"date":"2025-06-02T19:00:17","date_gmt":"2025-06-03T01:00:17","guid":{"rendered":"https:\/\/dvnoticias.com.mx\/?p=2952"},"modified":"2025-06-03T21:00:29","modified_gmt":"2025-06-03T21:00:29","slug":"reconoce-erasmo-a-jovenes-de-la-academia-militarizada-doenitz","status":"publish","type":"post","link":"https:\/\/dvnoticias.com.mx\/index.php\/2025\/06\/02\/reconoce-erasmo-a-jovenes-de-la-academia-militarizada-doenitz\/","title":{"rendered":"Reconoce Erasmo a j\u00f3venes de la Academia Militarizada Doenitz"},"content":{"rendered":"<p>Cd. Madero, Tamaulipas.- El presidente municipal, Erasmo Gonz\u00e1lez Robledo, asisti\u00f3 a la celebraci\u00f3n del 83 aniversario del D\u00eda de la Marina Nacional en la Academia Militarizada de Marina Doenitz, donde reconoci\u00f3 a las mujeres y los hombres que dedican su vida al servicio del mar y de la patria, as\u00ed como el talento, la formaci\u00f3n y el compromiso de los j\u00f3venes que acuden a ese plantel escolar.<\/p>\n<p>\u201cNecesitamos j\u00f3venes comprometidos con su pa\u00eds, con su estado, con su ciudad, pero sobre todo, reconocerles que en el D\u00eda de la Marina Nacional, ustedes tienen el reconocimiento del Ayuntamiento de Ciudad Madero\u201d, expres\u00f3 el alcalde maderense, quien estuvo acompa\u00f1ado por integrantes del Cabildo, as\u00ed como por el director general de Bienestar Social e Inclusi\u00f3n, Orlando Morales V\u00e1zquez; N\u00e9lida Ovalle Bautista, directora de Educaci\u00f3n; Jos\u00e9 Alan\u00eds Mendo, director del CREDE, y Alfonso del \u00c1ngel Castellanos, director acad\u00e9mico de la instituci\u00f3n educativa.<\/p>\n<p>Durante su intervenci\u00f3n, el mun\u00edcipe reconoci\u00f3 la valent\u00eda, disciplina y amor a M\u00e9xico de los marinos ca\u00eddos, quienes con su sacrificio son ejemplo del patriotismo y compromiso que debemos honrar siempre. Asimismo, a\u00f1adi\u00f3 que el mar ha sido y sigue siendo una fuente invaluable de riqueza para M\u00e9xico, una fuente de trabajo y tambi\u00e9n de grandes oportunidades, gracias a la labor que lleva el sector mar\u00edtimo.<\/p>\n<p>El programa c\u00edvico inici\u00f3 con los honores a nuestro l\u00e1baro patrio, la entonaci\u00f3n del himno nacional mexicano y el juramento a la bandera, que estuvo a cargo del alumno Diego Alberto Guevara \u00c1lvarez.<\/p>\n<p>Posteriormente, se entreg\u00f3 una ofrenda floral y se guard\u00f3 un minuto de silencio para recordar a los marinos ca\u00eddos.<\/p>\n<p>Correspondi\u00f3 al joven Alan Lisandro Carrizales Villanueva pronunciar una rese\u00f1a sobre el D\u00eda de la Marina Nacional, en la que se\u00f1al\u00f3 que en esta fecha no s\u00f3lo se reconoce a los marinos de la Armada de M\u00e9xico, quienes resguardan nuestra soberan\u00eda y seguridad en el mar, sino tambi\u00e9n a los trabajadores de la Marina Mercante, quienes con esfuerzo y disciplina impulsan el comercio, la comunicaci\u00f3n y el desarrollo econ\u00f3mico del pa\u00eds por las v\u00edas mar\u00edtimas.<\/p>\n<p>Por \u00faltimo, el director de la Academia Militarizada de la Marina Doenitz, Arq. Jorge Luis Ponce Ortega, manifest\u00f3 que \u201ces para nosotros este D\u00eda de la Marina Nacional una fecha muy especial y aqu\u00ed hoy todos estamos para honrar a la marina en general y muy especialmente a los marinos ca\u00eddos en el cumplimiento de su deber\u201d.<\/p>\n","protected":false},"excerpt":{"rendered":"<p>Cd. Madero, Tamaulipas.- El presidente municipal, Erasmo Gonz\u00e1lez Robledo, asisti\u00f3 a la celebraci\u00f3n del 83 aniversario del D\u00eda de la Marina Nacional en la Academia Militarizada de Marina Doenitz, donde reconoci\u00f3 a las mujeres y los hombres que dedican su vida al servicio del mar y de la patria, as\u00ed como el talento, la formaci\u00f3n [&hellip;]<\/p>\n","protected":false},"author":1,"featured_media":2954,"comment_status":"open","ping_status":"closed","sticky":false,"template":"","format":"standard","meta":{"footnotes":""},"categories":[9],"tags":[],"class_list":["post-2952","post","type-post","status-publish","format-standard","has-post-thumbnail","hentry","category-zona-conurbada-del-sur"],"_links":{"self":[{"href":"https:\/\/dvnoticias.com.mx\/index.php\/wp-json\/wp\/v2\/posts\/2952","targetHints":{"allow":["GET"]}}],"collection":[{"href":"https:\/\/dvnoticias.com.mx\/index.php\/wp-json\/wp\/v2\/posts"}],"about":[{"href":"https:\/\/dvnoticias.com.mx\/index.php\/wp-json\/wp\/v2\/types\/post"}],"author":[{"embeddable":true,"href":"https:\/\/dvnoticias.com.mx\/index.php\/wp-json\/wp\/v2\/users\/1"}],"replies":[{"embeddable":true,"href":"https:\/\/dvnoticias.com.mx\/index.php\/wp-json\/wp\/v2\/comments?post=2952"}],"version-history":[{"count":1,"href":"https:\/\/dvnoticias.com.mx\/index.php\/wp-json\/wp\/v2\/posts\/2952\/revisions"}],"predecessor-version":[{"id":2953,"href":"https:\/\/dvnoticias.com.mx\/index.php\/wp-json\/wp\/v2\/posts\/2952\/revisions\/2953"}],"wp:featuredmedia":[{"embeddable":true,"href":"https:\/\/dvnoticias.com.mx\/index.php\/wp-json\/wp\/v2\/media\/2954"}],"wp:attachment":[{"href":"https:\/\/dvnoticias.com.mx\/index.php\/wp-json\/wp\/v2\/media?parent=2952"}],"wp:term":[{"taxonomy":"category","embeddable":true,"href":"https:\/\/dvnoticias.com.mx\/index.php\/wp-json\/wp\/v2\/categories?post=2952"},{"taxonomy":"post_tag","embeddable":true,"href":"https:\/\/dvnoticias.com.mx\/index.php\/wp-json\/wp\/v2\/tags?post=2952"}],"curies":[{"name":"wp","href":"https:\/\/api.w.org\/{rel}","templated":true}]}}