{"id":2919,"date":"2025-05-30T19:00:43","date_gmt":"2025-05-31T01:00:43","guid":{"rendered":"https:\/\/dvnoticias.com.mx\/?p=2919"},"modified":"2025-06-03T20:44:25","modified_gmt":"2025-06-03T20:44:25","slug":"encabeza-alcaldesa-monica-villarreal-anaya-instalacion-del-siproddis-en-apoyo-de-personas-con-discapacidad","status":"publish","type":"post","link":"https:\/\/dvnoticias.com.mx\/index.php\/2025\/05\/30\/encabeza-alcaldesa-monica-villarreal-anaya-instalacion-del-siproddis-en-apoyo-de-personas-con-discapacidad\/","title":{"rendered":"Encabeza Alcaldesa M\u00f3nica Villarreal Anaya instalaci\u00f3n del SIPRODDIS en Apoyo de Personas con Discapacidad"},"content":{"rendered":"<p>Tampico, Tamaulipas.- La Presidenta municipal M\u00f3nica Villarreal Anaya encabez\u00f3 este d\u00eda, la instalaci\u00f3n y primera sesi\u00f3n del Sistema Intersectorial Municipal de Protecci\u00f3n y Gesti\u00f3n Integral de Derechos Humanos de las Personas con Discapacidad (Siproddis), cuyo prop\u00f3sito es el construir una ciudad m\u00e1s justa, accesible, e inclusiva, mediante la implementaci\u00f3n de estrategias destinadas a facilitar el desarrollo personal y profesional de las personas con discapacidad.<\/p>\n<p>En el acto, efectuado en la Sala de Cabildo, la alcaldesa porte\u00f1a estuvo acompa\u00f1ada por el Secretario General del Ayuntamiento, Carlos Garc\u00eda Porres; y la Directora de Prevenci\u00f3n del Delito, Libby Zacil Adame Estrada.<\/p>\n<p>Ah\u00ed, Villarreal Anaya sostuvo que a trav\u00e9s del Siproddis su administraci\u00f3n trabajar\u00e1 de manera estrecha y coordinada con la sociedad civil en el desarrollo de proyectos y propuestas que faciliten la apertura de nuevas y mejores oportunidades de empleo donde\u00a0 las personas involucradas, desarrollen con mayor capacidad sus talentos.<\/p>\n<p>\u201cHoy estamos atestiguando la instalaci\u00f3n de este sistema en donde vamos a trabajar en conjunto como municipio incluyente, como un municipio que visibiliza todas las causas sociales y todas las situaciones de vida de los ciudadanos. Siproddis trabaja de manera coordinada con dependencias estatales, federales, organismos civiles, y el sector privado para establecer mecanismos efectivos que aceleren el acceso al empleo, la educaci\u00f3n, y la participaci\u00f3n plena en nuestra ciudad\u201d, explic\u00f3.<\/p>\n<p>M\u00f3nica Villarreal, dijo que con la instalaci\u00f3n de este innovador sistema, se reafirma el compromiso de su gobierno en la aplicaci\u00f3n de pol\u00edticas p\u00fablicas que garanticen la protecci\u00f3n e inclusi\u00f3n de las personas con discapacidad, adem\u00e1s de reafirmar la voluntad y esfuerzo por hacer valer los derechos de las personas con capacidades diferentes.<\/p>\n<p>Durante la sesi\u00f3n, se tom\u00f3 protesta a las secretarias ejecutivas de SIPRODDIS, Libby Zacil Adame Estrada, y Mar\u00eda de la Luz Mart\u00ednez Barron, adem\u00e1s se di\u00f3 a conocer que actualmente en la administraci\u00f3n municipal laboran m\u00e1s de cinco personas con discapacidad, dando muestra de ser un gobierno inclusivo.<\/p>\n<p>En el evento tambi\u00e9n se cont\u00f3 con la presencia de la doctora Luz Adriana Villarreal Anaya, Presidenta del Sistema DIF Tampico; el Director del Hospital Angeles Tampico, Dr. Miguel Alfredo Baltazar Arana, qui\u00e9n llev\u00f3 a cabo la firma de contrato para integrar a una persona con discapacidad a la plantilla laboral de la instituci\u00f3n, sum\u00e1ndose as\u00ed a las acciones y objetivos del Siproddis.<\/p>\n","protected":false},"excerpt":{"rendered":"<p>Tampico, Tamaulipas.- La Presidenta municipal M\u00f3nica Villarreal Anaya encabez\u00f3 este d\u00eda, la instalaci\u00f3n y primera sesi\u00f3n del Sistema Intersectorial Municipal de Protecci\u00f3n y Gesti\u00f3n Integral de Derechos Humanos de las Personas con Discapacidad (Siproddis), cuyo prop\u00f3sito es el construir una ciudad m\u00e1s justa, accesible, e inclusiva, mediante la implementaci\u00f3n de estrategias destinadas a facilitar el [&hellip;]<\/p>\n","protected":false},"author":1,"featured_media":2921,"comment_status":"open","ping_status":"closed","sticky":false,"template":"","format":"standard","meta":{"footnotes":""},"categories":[9],"tags":[],"class_list":["post-2919","post","type-post","status-publish","format-standard","has-post-thumbnail","hentry","category-zona-conurbada-del-sur"],"_links":{"self":[{"href":"https:\/\/dvnoticias.com.mx\/index.php\/wp-json\/wp\/v2\/posts\/2919","targetHints":{"allow":["GET"]}}],"collection":[{"href":"https:\/\/dvnoticias.com.mx\/index.php\/wp-json\/wp\/v2\/posts"}],"about":[{"href":"https:\/\/dvnoticias.com.mx\/index.php\/wp-json\/wp\/v2\/types\/post"}],"author":[{"embeddable":true,"href":"https:\/\/dvnoticias.com.mx\/index.php\/wp-json\/wp\/v2\/users\/1"}],"replies":[{"embeddable":true,"href":"https:\/\/dvnoticias.com.mx\/index.php\/wp-json\/wp\/v2\/comments?post=2919"}],"version-history":[{"count":1,"href":"https:\/\/dvnoticias.com.mx\/index.php\/wp-json\/wp\/v2\/posts\/2919\/revisions"}],"predecessor-version":[{"id":2920,"href":"https:\/\/dvnoticias.com.mx\/index.php\/wp-json\/wp\/v2\/posts\/2919\/revisions\/2920"}],"wp:featuredmedia":[{"embeddable":true,"href":"https:\/\/dvnoticias.com.mx\/index.php\/wp-json\/wp\/v2\/media\/2921"}],"wp:attachment":[{"href":"https:\/\/dvnoticias.com.mx\/index.php\/wp-json\/wp\/v2\/media?parent=2919"}],"wp:term":[{"taxonomy":"category","embeddable":true,"href":"https:\/\/dvnoticias.com.mx\/index.php\/wp-json\/wp\/v2\/categories?post=2919"},{"taxonomy":"post_tag","embeddable":true,"href":"https:\/\/dvnoticias.com.mx\/index.php\/wp-json\/wp\/v2\/tags?post=2919"}],"curies":[{"name":"wp","href":"https:\/\/api.w.org\/{rel}","templated":true}]}}