{"id":2900,"date":"2025-05-30T15:14:46","date_gmt":"2025-05-30T21:14:46","guid":{"rendered":"https:\/\/dvnoticias.com.mx\/?p=2900"},"modified":"2025-05-30T21:14:48","modified_gmt":"2025-05-30T21:14:48","slug":"analisis-y-comentario-por-christopher-mora-7","status":"publish","type":"post","link":"https:\/\/dvnoticias.com.mx\/index.php\/2025\/05\/30\/analisis-y-comentario-por-christopher-mora-7\/","title":{"rendered":"An\u00e1lisis y Comentario por Christopher\u2026 Mora."},"content":{"rendered":"<p><strong>Informaci\u00f3n a medias.<\/strong><\/p>\n<p>-AVA se re\u00fane con Claudia.<\/p>\n<p>-Alumnos de la UAT a Disney.<\/p>\n<p>&nbsp;<\/p>\n<p>-De nueva cuenta el Fiscal de Justicia de Tamaulipas Irving Barrios Mojica se encuentra en el centro de la pol\u00e9mica por sus declaraciones precipitadas ante los medios de comunicaci\u00f3n.<\/p>\n<p>Ahora, es por el caso de los cinco integrantes del grupo musical \u201cFugitivo\u201d de la ciudad de Reynosa que fueros reportados como desaparecidos el domingo pasado.<\/p>\n<p>Ante la presi\u00f3n social y medi\u00e1tica de este caso que incluso fue abordado por la propia Presidenta Claudia Sheinbaum en una de sus conferencias \u201cma\u00f1aneras\u201d, a las 13:30 horas del jueves en Palacio de Gobierno el Fiscal de Tamaulipas, ley\u00f3 un escueto comunicado que provoc\u00f3 muchas interrogantes a las que Irving Barrios no dio cabida.<\/p>\n<p>El funcionario en menos de 3 minutos destall\u00f3 las circunstancias de la desaparici\u00f3n y muerte de los integrantes del grupo musical.<\/p>\n<p>Sin embargo, el Fiscal no inform\u00f3 en que circunstancias fueron hallados los cuerpos de las v\u00edctimas.<\/p>\n<p>Tampoco que pistas siguieron para su localizaci\u00f3n. Solo mencion\u00f3 que por rastreo telef\u00f3nico.<\/p>\n<p>\u00bfSi fue as\u00ed porqu\u00e9 tardaron casi cuatro d\u00edas en localizarlos?<\/p>\n<p>No precis\u00f3 con qu\u00e9 elementos cuanta la Fiscal\u00eda para afirmar que los cuerpos pertenecen a los miembros de la agrupaci\u00f3n musical.<\/p>\n<p>No inform\u00f3 en d\u00f3nde y por qu\u00e9 se detuvo a las nueve personas presuntos responsables del multihomicidio.<\/p>\n<p>Tampoco cu\u00e1ndo fue la detenci\u00f3n.<\/p>\n<p>No se mostr\u00f3 ninguna fotograf\u00eda de los detenidos.<\/p>\n<p>Tampoco se ha dicho cu\u00e1l fue el m\u00f3vil del crimen.<\/p>\n<p>\u00bfPara qu\u00e9 ofrecer una rueda de prensa, en un caso tan delicado, si no hay elementos que sustenten la versi\u00f3n oficial de los hechos?<\/p>\n<p>No es \u00e9tico presentar una informaci\u00f3n a medias, incompleta, imprecisa, porque se generan sospechas, dudas y escepticismo.<\/p>\n<p>Pronto sabremos la verdad de los hechos.<\/p>\n<p>&nbsp;<\/p>\n<p>-El Gobernador Am\u00e9rico Villarreal, la semana pasada asisti\u00f3 al Palacio Nacional con la presidenta de M\u00e9xico, Claudia Sheinbaum Pardo, a una reuni\u00f3n de trabajo para seguir avanzando en la transformaci\u00f3n del sistema de salud a trav\u00e9s del Sistema IMSS-BIENESTAR.<\/p>\n<p>Junto a gobernadoras y gobernadores de los estados afiliados a este programa, particip\u00f3 en acuerdos importantes que permitir\u00e1n seguir fortaleciendo los servicios de salud en cada entidad adherida a este programa.<\/p>\n<p>\u201cCada paso que se da tiene un objetivo claro: mejorar la atenci\u00f3n m\u00e9dica y garantizar servicios dignos para quienes m\u00e1s lo necesitan\u201d.<\/p>\n<p>\u201cEl Gobierno de Tamaulipas reafirma su compromiso de construir un sistema de salud accesible, de calidad y gratuito para todas y todos\u201d, coment\u00f3 el mandatario.<\/p>\n<p>&nbsp;<\/p>\n<p>&#8211; Diez estudiantes de la Universidad Aut\u00f3noma de Tamaulipas se encuentran en Orlando, Florida, participando en el Disney Cultural Exchange Program 2025, un programa que promueve el desarrollo profesional y la experiencia laboral en un entorno multicultural.<\/p>\n<p>Con el respaldo del rector D\u00e1maso Anaya Alvarado, la UAT se posiciona como la \u00fanica universidad p\u00fablica en M\u00e9xico con un convenio vigente con The Walt Disney Company, integrando a sus estudiantes en esta iniciativa que congrega a universitarios de todo el mundo en el complejo Walt Disney World Resort de Florida, en los Estados Unidos, del 19 de mayo al 7 de agosto de 2025.<\/p>\n<p>El rector de la UAT destac\u00f3 que esta vinculaci\u00f3n internacional forma parte de los ejes estrat\u00e9gicos orientados a fortalecer las competencias globales de las y los estudiantes, subrayando que esta iniciativa constituye una experiencia formativa de alto valor, al brindarles la posibilidad de interactuar con j\u00f3venes de m\u00e1s de 25 naciones, perfeccionar sus competencias en el idioma ingl\u00e9s y fortalecer habilidades profesionales e interculturales que afianzar\u00e1n su desarrollo personal y acad\u00e9mico.<\/p>\n<p>&nbsp;<\/p>\n<p>Hasta aqu\u00ed mi An\u00e1lisis y Comentario.<\/p>\n<p>Soy su amigo. Christopher\u2026 Mora.<\/p>\n<p>Comentarios y sugerencias a: victam63@yahoo.com.mx<\/p>\n<p>Y tambi\u00e9n lo invito a que visite mi p\u00e1gina de Facebook:<\/p>\n<p>\u201cAn\u00e1lisis y Comentario\u201d.<\/p>\n","protected":false},"excerpt":{"rendered":"<p>Informaci\u00f3n a medias. -AVA se re\u00fane con Claudia. -Alumnos de la UAT a Disney. &nbsp; -De nueva cuenta el Fiscal de Justicia de Tamaulipas Irving Barrios Mojica se encuentra en el centro de la pol\u00e9mica por sus declaraciones precipitadas ante los medios de comunicaci\u00f3n. Ahora, es por el caso de los cinco integrantes del grupo [&hellip;]<\/p>\n","protected":false},"author":1,"featured_media":299,"comment_status":"open","ping_status":"closed","sticky":false,"template":"","format":"standard","meta":{"footnotes":""},"categories":[10],"tags":[],"class_list":["post-2900","post","type-post","status-publish","format-standard","has-post-thumbnail","hentry","category-columnistas"],"_links":{"self":[{"href":"https:\/\/dvnoticias.com.mx\/index.php\/wp-json\/wp\/v2\/posts\/2900","targetHints":{"allow":["GET"]}}],"collection":[{"href":"https:\/\/dvnoticias.com.mx\/index.php\/wp-json\/wp\/v2\/posts"}],"about":[{"href":"https:\/\/dvnoticias.com.mx\/index.php\/wp-json\/wp\/v2\/types\/post"}],"author":[{"embeddable":true,"href":"https:\/\/dvnoticias.com.mx\/index.php\/wp-json\/wp\/v2\/users\/1"}],"replies":[{"embeddable":true,"href":"https:\/\/dvnoticias.com.mx\/index.php\/wp-json\/wp\/v2\/comments?post=2900"}],"version-history":[{"count":1,"href":"https:\/\/dvnoticias.com.mx\/index.php\/wp-json\/wp\/v2\/posts\/2900\/revisions"}],"predecessor-version":[{"id":2901,"href":"https:\/\/dvnoticias.com.mx\/index.php\/wp-json\/wp\/v2\/posts\/2900\/revisions\/2901"}],"wp:featuredmedia":[{"embeddable":true,"href":"https:\/\/dvnoticias.com.mx\/index.php\/wp-json\/wp\/v2\/media\/299"}],"wp:attachment":[{"href":"https:\/\/dvnoticias.com.mx\/index.php\/wp-json\/wp\/v2\/media?parent=2900"}],"wp:term":[{"taxonomy":"category","embeddable":true,"href":"https:\/\/dvnoticias.com.mx\/index.php\/wp-json\/wp\/v2\/categories?post=2900"},{"taxonomy":"post_tag","embeddable":true,"href":"https:\/\/dvnoticias.com.mx\/index.php\/wp-json\/wp\/v2\/tags?post=2900"}],"curies":[{"name":"wp","href":"https:\/\/api.w.org\/{rel}","templated":true}]}}