{"id":2898,"date":"2025-05-30T15:12:21","date_gmt":"2025-05-30T21:12:21","guid":{"rendered":"https:\/\/dvnoticias.com.mx\/?p=2898"},"modified":"2025-05-30T21:12:24","modified_gmt":"2025-05-30T21:12:24","slug":"orbe-24","status":"publish","type":"post","link":"https:\/\/dvnoticias.com.mx\/index.php\/2025\/05\/30\/orbe-24\/","title":{"rendered":"ORBE"},"content":{"rendered":"<p><strong>Ojal\u00e1 se descubra que Freud estaba equivocado<\/strong><\/p>\n<p><strong>\u00a0<\/strong><\/p>\n<p><strong>Ma. Teresa Medina Marroqu\u00edn.-<\/strong><\/p>\n<p><strong>\u00a0<\/strong><\/p>\n<p><strong>LA FALTA DE DIOS, EL PAGANISMO Y LOS BESTIALES NIVELES DE CORRUPCI\u00d3N<\/strong><\/p>\n<p>&nbsp;<\/p>\n<p><strong>VIVEN 24 ALUMNOS EXPERIENCIA COMO PRESIDENTE Y REGIDORES DE VICTORIA<\/strong><\/p>\n<p>&nbsp;<\/p>\n<p><strong>SET: <\/strong><strong>PROGRAMA DE INTERCAMBIO DE MAESTROS M\u00c9XICO-ESTADOS UNIDOS<\/strong><\/p>\n<p>&nbsp;<\/p>\n<p>Hace un par de semanas, cuando habl\u00e9 aqu\u00ed de \u201cEl Quinto Jinete del Apocalipsis\u201d, cuya silueta sombr\u00eda y siniestra alienta la mentira, la calumnia y todos los enredos y patra\u00f1as que podamos imaginar, anticip\u00e9 que este demonio podr\u00eda destruir los cimientos m\u00e1s s\u00f3lidos de nuestra naci\u00f3n.<\/p>\n<p>Las cosas contin\u00faan mal y est\u00e1n empeorando, foment\u00e1ndose en todos los niveles pol\u00edticos las desavenencias, discordias y conflictos que est\u00e1n a un tris de enfrentamientos armados entre pol\u00edticos (igual que lo hace la delincuencia organizada), con lo que sufrir\u00edamos aqu\u00ed en M\u00e9xico una guerra que hasta la propia Iglesia Cat\u00f3lica presagia como un desastre que le dar\u00e1 al gobierno de Estados Unidos todas las facilidades para que entre las 32 entidades del pa\u00eds se produzca una balcanizaci\u00f3n azuzada por un imperio que, \u00e1vido de energ\u00eda y grandes recursos, coacciona a fin de que en territorio mexicano se maten entre hermanos.<\/p>\n<p>Al respecto no olvidemos a Cayo Julio C\u00e9sar, poderoso pol\u00edtico y militar romano, quien afirmaba que en pol\u00edtica y poder el \u00e9xito est\u00e1 asegurado cuando se aplica la estrategia de \u201cdivide y vencer\u00e1s\u201d o \u201cdivide para reinar\u201d.<\/p>\n<p>La violencia que padece esta naci\u00f3n desde comienzos de este siglo 21, a partir de Vicente Fox, recrudeci\u00e9ndose con Felipe Calder\u00f3n, y hasta los sexenios de Enrique Pe\u00f1a Nieto y Andr\u00e9s Manuel L\u00f3pez Obrador, podr\u00eda ser un escenario multifactorial.<\/p>\n<p>Semejantes circunstancias agresivas pueden atribuirse a la inmoralidad y la falta de Dios en los hogares, muchos de los cuales se han convertido en cavernas donde el paganismo ha destruido al cristianismo y por ende a la sociedad en su conjunto.<\/p>\n<p>Tambi\u00e9n se dice que esto sucede por niveles horribles y bestiales de corrupci\u00f3n donde a quienes llegan al poder, al menos a una mayor\u00eda, se les acusa de robar (\u00a1y robar a manos llenas!), sin importar que el d\u00eda de ma\u00f1ana las instancias gubernamentales que vigilan el uso legal de los presupuestos p\u00fablicos los lleven a investigaciones penales y posteriormente a ser encarcelados por los saqueos y malversaciones de dineros propiedad de una ciudadan\u00eda que pasmada observa las insultantes riquezas que no pocos pol\u00edticos presumen a plena luz del d\u00eda.<\/p>\n<p><strong>\u00a0<\/strong><\/p>\n<p><strong>DOMINGO 1 DE JUNIO: \u00bfAPARECER\u00c1 UNA OLA DE MEDIOS VIOLENTOS?<\/strong><\/p>\n<p>&nbsp;<\/p>\n<p>Riquezas que fueron sustra\u00eddas de las arcas p\u00fablicas, y que al estar esta gente en el poder las desv\u00edan (con la mayor de las desverg\u00fcenzas) a sus cajas fuertes o a para\u00edsos fiscales o a lavados de dinero, con la \u201cidea\u201d de que nadie jam\u00e1s se enterar\u00e1 de sus ofensas y delitos.<\/p>\n<p>Este deplorable contexto pol\u00edtico y social provocar\u00eda este pr\u00f3ximo domingo 1 de junio, una ola de medios violentos en las elecciones de jueces y magistrados de los 32 poderes judiciales de la naci\u00f3n, as\u00ed como del fuero federal donde tambi\u00e9n se elegir\u00e1n a jueces y magistrados, pero adem\u00e1s a nueve ministras y ministros de la Suprema Corte de Justicia de la Naci\u00f3n.<\/p>\n<p>Enorme reto tendr\u00e1n las autoridades para controlar estos arrebatos de odios y disputas por el poder que desde hace varias semanas anuncia la oposici\u00f3n (\u00bfcoludida con una potencia extranjera?) y que a su vez los gobiernos federal y estatales est\u00e1n haciendo lo imposible para que no ocurran, buscando coincidencias en com\u00fan con los adversarios.<\/p>\n<p><strong>\u00a0<\/strong><\/p>\n<p><strong>LAS PREGUNTAS DE ALBERT EINSTEIN AL PADRE DEL PSICOAN\u00c1LISIS <\/strong><\/p>\n<p>&nbsp;<\/p>\n<p>Esperemos que a los enemigos se les aplique la ley, sobre todo cuando recordamos la pregunta que Einstein le formula a Freud:<\/p>\n<p>\u00bfSurgir\u00e1 un modo de liberar a la humanidad de la tragedia de las guerras? \u00bfExiste la posibilidad de dirigir la evoluci\u00f3n ps\u00edquica a fin de que los seres humanos sean capaces de resistir a la psicosis del odio y la destrucci\u00f3n?<\/p>\n<p>Freud le responde a Einstein:<\/p>\n<p>\u201cNo existe la esperanza de poder quitarle la agresividad a los seres humanos\u201d.<\/p>\n<p>Siendo entonces esa la penosa y desoladora realidad de la raza humana, no tendremos quiz\u00e1 otra alternativa m\u00e1s que ir de alguna manera \u201cadministrando\u201d, con las mejores inteligencias humanas, la aterradora capacidad de las mayor\u00edas para hacer da\u00f1o, destruir y generar conflictos donde no deben existir.<\/p>\n<p>Esperando que un d\u00eda se descubra que Sigmund Freud, el Padre del Psicoan\u00e1lisis, estaba equivocado.<\/p>\n<p><strong>\u00a0<\/strong><\/p>\n<p><strong>SET: <\/strong><strong>PROGRAMA DE INTERCAMBIO DE MAESTROS M\u00c9XICO-ESTADOS UNIDOS<\/strong><\/p>\n<p><strong>\u00a0<\/strong><\/p>\n<p>Con el prop\u00f3sito de fortalecer la atenci\u00f3n educativa de las ni\u00f1as, ni\u00f1os y adolescentes de origen mexicano y en situaci\u00f3n de movilidad, que se encuentran en Estados Unidos enfrentando desaf\u00edos para acceder a una educaci\u00f3n de calidad, el Programa de Intercambio de Maestros M\u00e9xico-Estados Unidos que ofrece la Secretar\u00eda de Educaci\u00f3n de Tamaulipas, permite a docentes mexicanos una oportunidad \u00fanica de profesionalizaci\u00f3n internacional.<\/p>\n<p>Estas acciones forman parte del Programa Binacional de Educaci\u00f3n Migrante M\u00e9xico-EU, que promueven y aseguran la atenci\u00f3n educativa de las y los estudiantes migrantes que cursan una temporada del ciclo escolar en M\u00e9xico y otra en Estados Unidos.<\/p>\n<p><strong>\u00a0<\/strong><\/p>\n<p><strong>VIVEN 24 ALUMNOS EXPERIENCIA COMO PRESIDENTE Y REGIDORES DE VICTORIA<\/strong><\/p>\n<p>&nbsp;<\/p>\n<p>Ni\u00f1as y ni\u00f1os con m\u00e1s alto promedio acad\u00e9mico de nivel primaria, tomaron la Sala de Cabildo para participar en el ejercicio ciudadano \u201cPresidente Municipal por un D\u00eda\u201d, experiencia \u00fanica que brinda el Gobierno de Victoria que preside Eduardo Gatt\u00e1s B\u00e1ez.<\/p>\n<p>La silla del Presidente Municipal, fue ocupada por la alumna Marlene Alizhe Jim\u00e9nez Santiago y como secretario del Ayuntamiento Julieta Soto Reyes dirigiendo esta sesi\u00f3n educativa y cultural para presentar y aprobar propuestas educativas, culturales, de inclusi\u00f3n, derechos humanos y deportes.<\/p>\n<p>Acompa\u00f1ado de su esposa Lucy de Gatt\u00e1s, el alcalde de Victoria felicit\u00f3 a los alumnos que asumieron la responsabilidad de escuchar, proponer y so\u00f1ar con un mejor Victoria, y ser parte de este ejercicio ciudadano que representa para su gobierno un acto de fe en la educaci\u00f3n, en la infancia y en el futuro.<\/p>\n<p>Un reconocimiento de parte del Gobernador Am\u00e9rico Villarreal Anaya al Gobierno de Victoria, por esta enorme iniciativa y en especial a los alumnos que gracias a su disciplina y dedicaci\u00f3n viven esta maravillosa experiencia, lo expres\u00f3 el representante gubernamental Ernesto Orozco Morales de la Secretar\u00eda General de Gobierno.<\/p>\n<p>Con gran entusiasmo participaron padres de familia y maestros, principales protagonistas de este gran logro que viven ni\u00f1as y ni\u00f1os de 25 escuelas, sum\u00e1ndose representantes de la Secretar\u00eda de Educaci\u00f3n Estatal, el SNTE secci\u00f3n XXX y el titular del CREDE Juan Vital Rom\u00e1n Mart\u00ednez.<\/p>\n<p><strong>\u00a0<\/strong><\/p>\n<p><strong>\u00a1Dese\u00e1ndoles un d\u00eda maravilloso!\u00a0\u00a0\u00a0\u00a0\u00a0\u00a0\u00a0\u00a0\u00a0\u00a0 <\/strong><\/p>\n<p><a href=\"mailto:tessieprimera@hotmail.com\"><strong>tessieprimera@hotmail.com<\/strong><\/a><strong>, @columnaorbe, columnaorbe.wordpress.com<\/strong><\/p>\n","protected":false},"excerpt":{"rendered":"<p>Ojal\u00e1 se descubra que Freud estaba equivocado \u00a0 Ma. Teresa Medina Marroqu\u00edn.- \u00a0 LA FALTA DE DIOS, EL PAGANISMO Y LOS BESTIALES NIVELES DE CORRUPCI\u00d3N &nbsp; VIVEN 24 ALUMNOS EXPERIENCIA COMO PRESIDENTE Y REGIDORES DE VICTORIA &nbsp; SET: PROGRAMA DE INTERCAMBIO DE MAESTROS M\u00c9XICO-ESTADOS UNIDOS &nbsp; Hace un par de semanas, cuando habl\u00e9 aqu\u00ed de [&hellip;]<\/p>\n","protected":false},"author":1,"featured_media":364,"comment_status":"open","ping_status":"closed","sticky":false,"template":"","format":"standard","meta":{"footnotes":""},"categories":[10],"tags":[],"class_list":["post-2898","post","type-post","status-publish","format-standard","has-post-thumbnail","hentry","category-columnistas"],"_links":{"self":[{"href":"https:\/\/dvnoticias.com.mx\/index.php\/wp-json\/wp\/v2\/posts\/2898","targetHints":{"allow":["GET"]}}],"collection":[{"href":"https:\/\/dvnoticias.com.mx\/index.php\/wp-json\/wp\/v2\/posts"}],"about":[{"href":"https:\/\/dvnoticias.com.mx\/index.php\/wp-json\/wp\/v2\/types\/post"}],"author":[{"embeddable":true,"href":"https:\/\/dvnoticias.com.mx\/index.php\/wp-json\/wp\/v2\/users\/1"}],"replies":[{"embeddable":true,"href":"https:\/\/dvnoticias.com.mx\/index.php\/wp-json\/wp\/v2\/comments?post=2898"}],"version-history":[{"count":1,"href":"https:\/\/dvnoticias.com.mx\/index.php\/wp-json\/wp\/v2\/posts\/2898\/revisions"}],"predecessor-version":[{"id":2899,"href":"https:\/\/dvnoticias.com.mx\/index.php\/wp-json\/wp\/v2\/posts\/2898\/revisions\/2899"}],"wp:featuredmedia":[{"embeddable":true,"href":"https:\/\/dvnoticias.com.mx\/index.php\/wp-json\/wp\/v2\/media\/364"}],"wp:attachment":[{"href":"https:\/\/dvnoticias.com.mx\/index.php\/wp-json\/wp\/v2\/media?parent=2898"}],"wp:term":[{"taxonomy":"category","embeddable":true,"href":"https:\/\/dvnoticias.com.mx\/index.php\/wp-json\/wp\/v2\/categories?post=2898"},{"taxonomy":"post_tag","embeddable":true,"href":"https:\/\/dvnoticias.com.mx\/index.php\/wp-json\/wp\/v2\/tags?post=2898"}],"curies":[{"name":"wp","href":"https:\/\/api.w.org\/{rel}","templated":true}]}}